{"id":37023,"date":"2017-06-02T14:22:21","date_gmt":"2017-06-02T19:22:21","guid":{"rendered":"https:\/\/radiowebmx.com\/nota\/?p=37023"},"modified":"2017-06-02T14:22:21","modified_gmt":"2017-06-02T19:22:21","slug":"ayuntamiento-de-morelia-promueve-politicas-publicas-de-equidad-e-igualdad-en-favor-de-sectores-vulnerables","status":"publish","type":"post","link":"https:\/\/radiowebmx.com\/nota\/ayuntamiento-de-morelia-promueve-politicas-publicas-de-equidad-e-igualdad-en-favor-de-sectores-vulnerables\/","title":{"rendered":"Ayuntamiento de Morelia promueve pol\u00edticas p\u00fablicas de equidad e igualdad en favor de sectores vulnerables"},"content":{"rendered":"<p><a href=\"https:\/\/radiowebmx.com\/nota\/wp-content\/uploads\/2017\/06\/9e5de20a-09ac-446e-bfe0-00e5a9fdd781.jpeg\"><img loading=\"lazy\" decoding=\"async\" class=\"alignnone size-medium wp-image-37024\" src=\"https:\/\/radiowebmx.com\/nota\/wp-content\/uploads\/2017\/06\/9e5de20a-09ac-446e-bfe0-00e5a9fdd781-595x396.jpeg\" alt=\"\" width=\"595\" height=\"396\" srcset=\"https:\/\/radiowebmx.com\/nota\/wp-content\/uploads\/2017\/06\/9e5de20a-09ac-446e-bfe0-00e5a9fdd781-595x396.jpeg 595w, https:\/\/radiowebmx.com\/nota\/wp-content\/uploads\/2017\/06\/9e5de20a-09ac-446e-bfe0-00e5a9fdd781.jpeg 709w\" sizes=\"auto, (max-width: 595px) 100vw, 595px\" \/><\/a><\/p>\n<p>&nbsp;<\/p>\n<p>El Ayuntamiento de Morelia a trav\u00e9s de la Secretar\u00eda de Desarrollo Humano y Bienestar Social realiz\u00f3 la Feria de la Salud &#8220;Bienestar para Sentirte DIFerente&#8221; en la colonia 26 de Julio, &#8220;Lucio Caba\u00f1as&#8221;, con la finalidad de acercar los programas en esta materia a la poblaci\u00f3n que viven en zonas alejadas o en condiciones vulnerables.<\/p>\n<p>Acompa\u00f1ado por el Secretario de Desarrollo Humano y Bienestar Social, Guillermo Mar\u00edn Ch\u00e1vez; el Director de Salud, Jos\u00e9 Murgu\u00eda Maga\u00f1a; los Regidores, Adela Alejandre Flores y Salvador Arvizu Cisneros, coordinadora e integrante de la Comisi\u00f3n de Salud y Asistencia Social, respectivamente; as\u00ed como el Encargado del Orden de la colonia 26 de Julio, Manuel Alejandro Espinoza, el S\u00edndico, Fabio Sistos Rangel asegur\u00f3 que desde la Administraci\u00f3n Municipal que encabeza el Alcalde, Alfonso Mart\u00ednez Alc\u00e1zar, se promueven pol\u00edticas p\u00fablicas de equidad e igualdad, como fue esta actividad.<\/p>\n<p>\u201cEl Presidente Municipal, Alfonso Mart\u00ednez tiene gran inter\u00e9s en mejorar por medio de la salud, f\u00edsica y mental, la calidad de vida de los morelianos sobre todo de las zonas suburbanas y rurales, es as\u00ed que su condici\u00f3n no ser\u00e1 m\u00e1s un impedimento para su superaci\u00f3n personal e inclusi\u00f3n\u201d, destac\u00f3.<\/p>\n<p>Sistos Rangel trajo a cuenta que el Ayuntamiento de Morelia hace \u201cgrandes esfuerzos en la inversi\u00f3n en materia de salud\u201d, como lo es la Cl\u00ednica Municipal del Norponiente de la ciudad, y se\u00f1al\u00f3 que los \u201chabitantes de la colonia Lucio Caba\u00f1as\u201d ser\u00e1n beneficiados directamente.<\/p>\n<p>El S\u00edndico refrend\u00f3 el compromiso del Gobierno Municipal Independiente por trabajar de manera coordinada con el Gobierno Federal y Estatal no s\u00f3lo en el sector salud, sino en todos los entornos que concierne a la ciudadan\u00eda para su desarrollo integral.<\/p>\n<p>El encargado de los asuntos jur\u00eddicos del municipio hizo un llamado a los morelianos presentes en esta Feria, a aprovechar los servicios de salud que la Secretar\u00eda de Desarrollo Humano y Bienestar Social acerc\u00f3.<\/p>\n<p>Es importante resaltar que casi 600 personas ser\u00e1n atendidas en esta jornada de trabajo al comprender la recepci\u00f3n de colonos, no s\u00f3lo de la zona habitacional 26 de Julio (Lucio Caba\u00f1as), sino de vecinos de los alrededores con atenci\u00f3n m\u00e9dica, odontol\u00f3gica, psicol\u00f3gica, nutrici\u00f3n, cortes de cabello, talleres como el de elaboraci\u00f3n de productos de limpieza, entre otros.<\/p>\n<p>Por su parte, el Secretario de Desarrollo Humano y Bienestar Social, Guillermo Mar\u00edn, invit\u00f3 a la ciudadan\u00eda a aprovechar todos los programas de la dependencia municipal a su cargo y as\u00ed acercar estos servicios de salud a quien m\u00e1s los necesita.<\/p>\n<p>Adem\u00e1s, el Encargado del Orden de la colonia 26 de Julio, Manuel Alejandro Espinoza agradeci\u00f3 estas acciones al Jefe de la Comuna Moreliana no \u00fanicamente por esta Feria de Salud, sino por la rehabilitaci\u00f3n de la Cl\u00ednica de Salud en la zona.<\/p>\n<p>De esta manera el Ayuntamiento de Morelia traslada los programas de la Secretar\u00eda de Desarrollo Humano y Bienestar Social a uno de los lugares que m\u00e1s lo necesita para cuidar del bienestar ciudadano.<\/p>\n","protected":false},"excerpt":{"rendered":"<p>&nbsp; El Ayuntamiento de Morelia a trav\u00e9s de la Secretar\u00eda de Desarrollo Humano y Bienestar Social realiz\u00f3 la Feria de la Salud &#8220;Bienestar para Sentirte DIFerente&#8221; en la colonia 26 de Julio, &#8220;Lucio Caba\u00f1as&#8221;, con la finalidad de acercar los programas en esta materia a la poblaci\u00f3n que viven en zonas alejadas o en condiciones [&hellip;]<\/p>\n","protected":false},"author":2,"featured_media":37024,"comment_status":"closed","ping_status":"closed","sticky":false,"template":"","format":"standard","meta":{"footnotes":""},"categories":[14,9],"tags":[],"class_list":["post-37023","post","type-post","status-publish","format-standard","has-post-thumbnail","hentry","category-destacadas","category-morelia"],"_links":{"self":[{"href":"https:\/\/radiowebmx.com\/nota\/wp-json\/wp\/v2\/posts\/37023","targetHints":{"allow":["GET"]}}],"collection":[{"href":"https:\/\/radiowebmx.com\/nota\/wp-json\/wp\/v2\/posts"}],"about":[{"href":"https:\/\/radiowebmx.com\/nota\/wp-json\/wp\/v2\/types\/post"}],"author":[{"embeddable":true,"href":"https:\/\/radiowebmx.com\/nota\/wp-json\/wp\/v2\/users\/2"}],"replies":[{"embeddable":true,"href":"https:\/\/radiowebmx.com\/nota\/wp-json\/wp\/v2\/comments?post=37023"}],"version-history":[{"count":1,"href":"https:\/\/radiowebmx.com\/nota\/wp-json\/wp\/v2\/posts\/37023\/revisions"}],"predecessor-version":[{"id":37025,"href":"https:\/\/radiowebmx.com\/nota\/wp-json\/wp\/v2\/posts\/37023\/revisions\/37025"}],"wp:featuredmedia":[{"embeddable":true,"href":"https:\/\/radiowebmx.com\/nota\/wp-json\/wp\/v2\/media\/37024"}],"wp:attachment":[{"href":"https:\/\/radiowebmx.com\/nota\/wp-json\/wp\/v2\/media?parent=37023"}],"wp:term":[{"taxonomy":"category","embeddable":true,"href":"https:\/\/radiowebmx.com\/nota\/wp-json\/wp\/v2\/categories?post=37023"},{"taxonomy":"post_tag","embeddable":true,"href":"https:\/\/radiowebmx.com\/nota\/wp-json\/wp\/v2\/tags?post=37023"}],"curies":[{"name":"wp","href":"https:\/\/api.w.org\/{rel}","templated":true}]}}