{"id":3701,"date":"2013-08-28T11:02:18","date_gmt":"2013-08-28T16:02:18","guid":{"rendered":"https:\/\/radiowebmx.com\/nota\/?p=3701"},"modified":"2013-08-28T11:02:18","modified_gmt":"2013-08-28T16:02:18","slug":"anuncian-actividades-de-la-xx-semana-nacional-de-la-ciencia-y-tecnologia-en-michoacan","status":"publish","type":"post","link":"https:\/\/radiowebmx.com\/nota\/anuncian-actividades-de-la-xx-semana-nacional-de-la-ciencia-y-tecnologia-en-michoacan\/","title":{"rendered":"ANUNCIAN ACTIVIDADES DE LA XX SEMANA NACIONAL DE LA CIENCIA Y TECNOLOG\u00cdA EN MICHOAC\u00c1N"},"content":{"rendered":"<p><a href=\"https:\/\/radiowebmx.com\/nota\/wp-content\/uploads\/2013\/08\/DSC_7990.jpg\"><img loading=\"lazy\" decoding=\"async\" class=\"alignleft size-full wp-image-3702\" alt=\"DSC_7990\" src=\"https:\/\/radiowebmx.com\/nota\/wp-content\/uploads\/2013\/08\/DSC_7990.jpg\" width=\"591\" height=\"280\" \/><\/a>En Michoac\u00e1n, los tecnol\u00f3gicos son polos de educaci\u00f3n muy\u00a0 importantes, pues constituyen una red que \u201cnos permite capturar en las regiones los talentos y habilidades de las personas que tienen la potencialidad y las ganas de estudiar para que apliquen sus\u00a0 conocimientos\u00a0 en sus comunidades de origen y no tengan que migrar\u00a0 hacia la ciudad o a otros pa\u00edses\u201d, se\u00f1al\u00f3 el secretario de Educaci\u00f3n en el Estado, J. Jes\u00fas Sierra Arias, en la toma de protesta del Comit\u00e9 Organizador de las Actividades de la XX Semana Nacional de Ciencia y Tecnolog\u00eda en Michoac\u00e1n\u00a0 (SNCyT).<\/p>\n<p>Ante autoridades acad\u00e9micas de Educaci\u00f3n Superior y en representaci\u00f3n del gobernador Jes\u00fas Reyna Garc\u00eda, Sierra Arias indic\u00f3 que es necesario que las instituciones educativas, como los tecnol\u00f3gicos, junto con empresarios y las autoridades de gobierno, trabajen \u00a0para crear un\u00a0 plan en el que se\u00a0 aprovechen\u00a0 los recursos potenciales de cada una de las regiones, para que otras entidades vean\u00a0 a Michoac\u00e1n como un lugar que ofrece condiciones para el desarrollo de nuevas empresas.<\/p>\n<p>\u201cEl hecho de que se compartan actividades de enfoque cient\u00edfico con ni\u00f1os de Educaci\u00f3n B\u00e1sica, nos permite vincularlos con la ciencia y la tecnolog\u00eda y esto permite que se conviertan en punteros que\u00a0 pongan en alto el nombre de cada una de las comunidades de Michoac\u00e1n, apunt\u00f3 Sierra Arias.<\/p>\n<p>Por su parte, Alejandro Mart\u00ednez Fuentes, quien asisti\u00f3 en representaci\u00f3n de la directora del Consejo Estatal de Ciencia y Tecnolog\u00eda, Esther Garc\u00eda Garibay, refiri\u00f3 que a lo largo de los 20 a\u00f1os en los que se ha realizado la Semana de la Ciencia y la Tecnolog\u00eda, ha impactado en las generaciones que han transitado por ella, ya que muchos de los ni\u00f1os que participaron, hoy son brillantes cient\u00edficos.<\/p>\n<p>As\u00ed mismo, destac\u00f3 que con estas actividades se fortalecen las vocaciones cient\u00edficas, por ello, es necesario invitar a los asistentes\u00a0 a que reflexionen\u00a0 sobre el papel que juegan ciencia y tecnolog\u00eda en la vida cotidiana, as\u00ed como su importancia en el papel que juega en los \u00e1mbitos econ\u00f3micos, productivos y de competitividad internacional.<\/p>\n<p>En su intervenci\u00f3n, el director del Centro de Bachillerato Tecnol\u00f3gico Agropecuario No. 181 de Maravat\u00edo, Rafael Abrego Mart\u00ednez, expres\u00f3 que los principales protagonistas de la Semana Nacional de la Ciencia, son los ni\u00f1os, para los cuales se tienen preparadas 35 actividades que tienen que ver con la reflexi\u00f3n del cuidado del medio ambiente, desarrollo sustentable, producci\u00f3n de alimentos, actividades bioqu\u00edmicas y f\u00edsicas, entre otras.<\/p>\n<p>Cabe mencionar que la Semana Nacional de Ciencia y Tecnolog\u00eda se llevar\u00e1 a cabo en las instalaciones del Centro de Bachillerato Tecnol\u00f3gico Agropecuario 181 de Maravat\u00edo del 21 al 25 de octubre de este a\u00f1o.<\/p>\n","protected":false},"excerpt":{"rendered":"<p>En Michoac\u00e1n, los tecnol\u00f3gicos son polos de educaci\u00f3n muy  importantes, pues constituyen una red que \u201cnos permite capturar en las regiones los talentos <\/p>\n","protected":false},"author":1,"featured_media":0,"comment_status":"open","ping_status":"open","sticky":false,"template":"","format":"standard","meta":{"footnotes":""},"categories":[14,3],"tags":[],"class_list":["post-3701","post","type-post","status-publish","format-standard","hentry","category-destacadas","category-gobierno-del-estado-de-michoacan"],"_links":{"self":[{"href":"https:\/\/radiowebmx.com\/nota\/wp-json\/wp\/v2\/posts\/3701","targetHints":{"allow":["GET"]}}],"collection":[{"href":"https:\/\/radiowebmx.com\/nota\/wp-json\/wp\/v2\/posts"}],"about":[{"href":"https:\/\/radiowebmx.com\/nota\/wp-json\/wp\/v2\/types\/post"}],"author":[{"embeddable":true,"href":"https:\/\/radiowebmx.com\/nota\/wp-json\/wp\/v2\/users\/1"}],"replies":[{"embeddable":true,"href":"https:\/\/radiowebmx.com\/nota\/wp-json\/wp\/v2\/comments?post=3701"}],"version-history":[{"count":2,"href":"https:\/\/radiowebmx.com\/nota\/wp-json\/wp\/v2\/posts\/3701\/revisions"}],"predecessor-version":[{"id":3704,"href":"https:\/\/radiowebmx.com\/nota\/wp-json\/wp\/v2\/posts\/3701\/revisions\/3704"}],"wp:attachment":[{"href":"https:\/\/radiowebmx.com\/nota\/wp-json\/wp\/v2\/media?parent=3701"}],"wp:term":[{"taxonomy":"category","embeddable":true,"href":"https:\/\/radiowebmx.com\/nota\/wp-json\/wp\/v2\/categories?post=3701"},{"taxonomy":"post_tag","embeddable":true,"href":"https:\/\/radiowebmx.com\/nota\/wp-json\/wp\/v2\/tags?post=3701"}],"curies":[{"name":"wp","href":"https:\/\/api.w.org\/{rel}","templated":true}]}}