{"id":3695,"date":"2013-08-28T10:50:21","date_gmt":"2013-08-28T15:50:21","guid":{"rendered":"https:\/\/radiowebmx.com\/nota\/?p=3695"},"modified":"2013-08-28T10:50:21","modified_gmt":"2013-08-28T15:50:21","slug":"inauguran-jornada-de-capacitacion-contra-el-abandono-escolar","status":"publish","type":"post","link":"https:\/\/radiowebmx.com\/nota\/inauguran-jornada-de-capacitacion-contra-el-abandono-escolar\/","title":{"rendered":"INAUGURAN JORNADA DE CAPACITACI\u00d3N CONTRA EL ABANDONO ESCOLAR"},"content":{"rendered":"<p><a href=\"https:\/\/radiowebmx.com\/nota\/wp-content\/uploads\/2013\/08\/IMG_8184.jpg\"><img loading=\"lazy\" decoding=\"async\" class=\"alignleft size-full wp-image-3696\" alt=\"IMG_8184\" src=\"https:\/\/radiowebmx.com\/nota\/wp-content\/uploads\/2013\/08\/IMG_8184.jpg\" width=\"591\" height=\"195\" \/><\/a>La Secretar\u00eda de Educaci\u00f3n P\u00fablica, a trav\u00e9s de la \u00a0Subsecretar\u00eda de Educaci\u00f3n Media Superior de Michoac\u00e1n, trabaja para elevar los niveles de acceso, permanencia y eficiencia terminal de los estudiantes de nivel medio superior, expres\u00f3 el director de Educaci\u00f3n Media Superior, Fernando Castillo \u00c1vila, en la inauguraci\u00f3n de la Jornada de Capacitaci\u00f3n sobre el Movimiento Contra\u00a0 el Abandono Escolar.<\/p>\n<p>Castillo \u00c1vila asisti\u00f3 en representaci\u00f3n del secretario de Educaci\u00f3n, Jes\u00fas Sierra Arias, e indic\u00f3 que el movimiento contra el abandono escolar es una estrategia integral de car\u00e1cter nacional que involucra la participaci\u00f3n coordinada de autoridades educativas federales y estatales, as\u00ed como la participaci\u00f3n de directivos, docentes y padres de familia comprometidos para fortalecer la\u00a0 constancia y conclusi\u00f3n exitosa de los estudios de bachillerato en la entidad.<\/p>\n<p>El funcionario mencion\u00f3 que en esta ocasi\u00f3n se cont\u00f3 con la capacitaci\u00f3n de 300 directores de los 113 municipios de Michoac\u00e1n, lo que demuestra el compromiso que tienen con la educaci\u00f3n.<\/p>\n<p>\u201cUna de las labores m\u00e1s nobles que realiza el ser humano es educar y una de las herencias que los padres de familia debemos a nuestros hijos, es formarles una preparaci\u00f3n\u201d, apunt\u00f3 Castillo \u00c1vila.<\/p>\n<p>Por su parte, el representante estatal de Subsecretar\u00eda de Educaci\u00f3n Media Superior en el Estado, Mart\u00edn\u00a0 Espinoza Vidales destac\u00f3 que es prioridad\u00a0 para la Secretar\u00eda de Educaci\u00f3n brindar a todos los michoacanos una educaci\u00f3n de calidad que adecue las leyes y las exigencias: \u201cque nos marca el mundo globalizado en el que habitamos, es por eso que a trav\u00e9s de esta capacitaci\u00f3n, buscamos que los j\u00f3venes que cursan este nivel educativo, cambien su mentalidad y vean en la preparaci\u00f3n acad\u00e9mica una oportunidad de desarrollo para forjar un futuro mejor\u201d.<\/p>\n<p>Por su parte, Jos\u00e9 Pablo de la Parra, representante de la Subsecretar\u00eda de Educaci\u00f3n Media Superior Federal, se\u00f1al\u00f3 que el presidente de la Rep\u00fablica Enrique Pe\u00f1a Nieto, est\u00e1 empe\u00f1ado en brindar a todos los mexicanos una educaci\u00f3n con calidad, por ello la Federaci\u00f3n trabaja de\u00a0 manera incansable para que los j\u00f3venes de bachillerato no abandonen sus estudios, de ah\u00ed la intenci\u00f3n de ofertar becas que apoyen a este sector para que contin\u00faen con su preparaci\u00f3n educativa.<\/p>\n<p>En este mismo tenor, el funcionario federal destac\u00f3 que a trav\u00e9s de estas acciones la SEP, a trav\u00e9s de la Subsecretar\u00eda de Educaci\u00f3n Media Superior, se propone combatir el fen\u00f3meno que cada a\u00f1o orilla a los j\u00f3venes a abandonar la educaci\u00f3n superior.<\/p>\n<p>Por lo anterior, explic\u00f3 que como parte de este esfuerzo se\u00a0 pondr\u00e1 a disposici\u00f3n de los directores de los planteles p\u00fablicos del nivel Medio Superior, un conjunto de herramientas para apoyar su labor contra el abandono escolar, que incluye una serie de manuales para trabajar con los estudiantes, padres de familia, maestros y directores.<\/p>\n<p>Es importante mencionar que en el evento estuvieron presentes los directores generales de los 13 subsistemas de Educaci\u00f3n Media Superior del Estado entre los que se encuentran Francisco Laguna Ahumada, coordinador general de Bachillerato de la UMSNH; Juli\u00e1n Galena Ben\u00edtez, subdirector de Enlace Operativo de la DGETI; Manuel Anguiano Cabrera, director general de CECyTEM; Arturo Villase\u00f1or G\u00f3mez, director General de CONALEP, y Jorge Octavio \u00c1vila Ram\u00edrez, director general de Telebachillerato.<\/p>\n<p>&nbsp;<\/p>\n<p>&nbsp;<\/p>\n<p>&nbsp;<\/p>\n","protected":false},"excerpt":{"rendered":"<p>La Secretar\u00eda de Educaci\u00f3n P\u00fablica, a trav\u00e9s de la  Subsecretar\u00eda de Educaci\u00f3n Media Superior de Michoac\u00e1n, trabaja para elevar los niveles de acceso, permanencia y eficiencia terminal de los estudiantes de nivel medio superior, <\/p>\n","protected":false},"author":1,"featured_media":0,"comment_status":"open","ping_status":"open","sticky":false,"template":"","format":"standard","meta":{"footnotes":""},"categories":[14,3],"tags":[],"class_list":["post-3695","post","type-post","status-publish","format-standard","hentry","category-destacadas","category-gobierno-del-estado-de-michoacan"],"_links":{"self":[{"href":"https:\/\/radiowebmx.com\/nota\/wp-json\/wp\/v2\/posts\/3695","targetHints":{"allow":["GET"]}}],"collection":[{"href":"https:\/\/radiowebmx.com\/nota\/wp-json\/wp\/v2\/posts"}],"about":[{"href":"https:\/\/radiowebmx.com\/nota\/wp-json\/wp\/v2\/types\/post"}],"author":[{"embeddable":true,"href":"https:\/\/radiowebmx.com\/nota\/wp-json\/wp\/v2\/users\/1"}],"replies":[{"embeddable":true,"href":"https:\/\/radiowebmx.com\/nota\/wp-json\/wp\/v2\/comments?post=3695"}],"version-history":[{"count":1,"href":"https:\/\/radiowebmx.com\/nota\/wp-json\/wp\/v2\/posts\/3695\/revisions"}],"predecessor-version":[{"id":3697,"href":"https:\/\/radiowebmx.com\/nota\/wp-json\/wp\/v2\/posts\/3695\/revisions\/3697"}],"wp:attachment":[{"href":"https:\/\/radiowebmx.com\/nota\/wp-json\/wp\/v2\/media?parent=3695"}],"wp:term":[{"taxonomy":"category","embeddable":true,"href":"https:\/\/radiowebmx.com\/nota\/wp-json\/wp\/v2\/categories?post=3695"},{"taxonomy":"post_tag","embeddable":true,"href":"https:\/\/radiowebmx.com\/nota\/wp-json\/wp\/v2\/tags?post=3695"}],"curies":[{"name":"wp","href":"https:\/\/api.w.org\/{rel}","templated":true}]}}