{"id":36896,"date":"2017-05-31T12:51:26","date_gmt":"2017-05-31T17:51:26","guid":{"rendered":"https:\/\/radiowebmx.com\/nota\/?p=36896"},"modified":"2017-05-31T14:43:10","modified_gmt":"2017-05-31T19:43:10","slug":"gobierno-municipal-aliado-de-los-jovenes-alfonso-martinez","status":"publish","type":"post","link":"https:\/\/radiowebmx.com\/nota\/gobierno-municipal-aliado-de-los-jovenes-alfonso-martinez\/","title":{"rendered":"Gobierno Municipal, aliado de los j\u00f3venes: Alfonso Mart\u00ednez"},"content":{"rendered":"<p><a href=\"https:\/\/radiowebmx.com\/nota\/wp-content\/uploads\/2017\/05\/3e0cf9a8-ff96-4a57-b31c-ccae928caf17.jpeg\"><img loading=\"lazy\" decoding=\"async\" class=\"alignnone size-medium wp-image-36897\" src=\"https:\/\/radiowebmx.com\/nota\/wp-content\/uploads\/2017\/05\/3e0cf9a8-ff96-4a57-b31c-ccae928caf17-595x396.jpeg\" alt=\"\" width=\"595\" height=\"396\" srcset=\"https:\/\/radiowebmx.com\/nota\/wp-content\/uploads\/2017\/05\/3e0cf9a8-ff96-4a57-b31c-ccae928caf17-595x396.jpeg 595w, https:\/\/radiowebmx.com\/nota\/wp-content\/uploads\/2017\/05\/3e0cf9a8-ff96-4a57-b31c-ccae928caf17.jpeg 709w\" sizes=\"auto, (max-width: 595px) 100vw, 595px\" \/><\/a><\/p>\n<p>&nbsp;<\/p>\n<p>El Gobierno Municipal Independiente es un aliado de los j\u00f3venes, por lo que ratifica su compromiso por generar una juventud m\u00e1s sana y con acceso a mejores oportunidades, a trav\u00e9s de distintas acciones y pol\u00edticas p\u00fablicas encaminadas hacia este sector, subray\u00f3 el Alcalde, Alfonso Mart\u00ednez Alc\u00e1zar, en el marco de la Sesi\u00f3n Solemne, donde se realiz\u00f3 la Entrega de Condecoraci\u00f3n \u201cMerito Juvenil 2017\u201d a 11 j\u00f3venes morelianos distinguidos.<\/p>\n<p>Teniendo como escenario el Patio Principal de Palacio Municipal y en compa\u00f1\u00eda de los integrantes del Honorable Cabildo, la Directora del Instituto de la Juventud Moreliana (IJUM), Ana Cristina Prado Mart\u00ednez; as\u00ed como funcionarios municipales, hizo \u00e9nfasis en que el Ayuntamiento de Morelia no s\u00f3lo busca destacar la labor de este sector de la sociedad, sino respaldarlos.<\/p>\n<p>\u201cLos j\u00f3venes necesitan espacios para desarrollarse y que m\u00e1s all\u00e1 del impulso de sus padres, cuenten con pol\u00edticas de gobierno que les permita tener m\u00e1s oportunidades y en esta Administraci\u00f3n estamos haciendo que esto suceda; en nosotros pueden encontrar un aliado\u201d, afirm\u00f3 Alfonso Mart\u00ednez Alc\u00e1zar.<\/p>\n<p>En este tenor, refiri\u00f3 que ya sea a trav\u00e9s de las 600 becas que otorg\u00f3 el Colegio de Morelia para que los j\u00f3venes contin\u00faen sus estudios; los cursos de ingl\u00e9s del IJUM, donde m\u00e1s de 3 mil estudiantes cuentan con la beca del 90 por ciento; actividades deportivas o concursos para que desarrollen su potencial, como el reci\u00e9n concluido Hackathon, este Gobierno incentiva a los j\u00f3venes para que sean su talento y ganas de salir adelante lo que determine su futuro.<\/p>\n<p>Alfonso Mart\u00ednez, aprovech\u00f3 la tribuna para invitar a este sector a que cultiven su talento y se esfuercen por alcanzar sus metas, \u201cno hay f\u00f3rmula ganadora que no incluya la constancia, el esfuerzo y la preparaci\u00f3n, por eso tienen que trabajar d\u00eda a d\u00eda tienen para poder ser j\u00f3venes exitosos y salir adelante, porque tienen una gran responsabilidad con ustedes mismos y con la sociedad\u201d, acot\u00f3 al tiempo que felicit\u00f3 a los recipiendarios de este galard\u00f3n.<\/p>\n<p>De esta manera, el Presidente Municipal, a nombre del Cabildo de Morelia hizo la entrega de la Condecoraci\u00f3n al M\u00e9rito Juvenil 2017 a los j\u00f3venes Arturo Garc\u00eda Cerrillo y Diana Garc\u00eda Cerrillo, en las categor\u00edas A y B, respectivamente, del \u00c1mbito Acad\u00e9mico; a Jos\u00e9 Daniel Salceda Velasco y Jos\u00e9 Agust\u00edn Aguilar Sol\u00f3rzano, en el \u00c1mbito Art\u00edstico-cultural; en la Categor\u00eda \u00fanica dentro del \u00c1mbito Profesional, result\u00f3 merecedor Carlos Rodolfo Mart\u00ednez Cort\u00e9s; del \u00c1mbito Social, a Mart\u00edn Francisco Zepeda Cansino.<\/p>\n<p>Asimismo, en lo que compete al \u00c1mbito Deportivo, de las categor\u00edas \u201cA\u201d y \u201cB\u201d, fueron reconocidos Rosa Arlene L\u00f3pez Baltazar Maldonado y Lincoln Lira Rodr\u00edguez, respectivamente; en la Categor\u00eda \u00fanica dentro del \u00c1mbito de Discapacidad e Integraci\u00f3n, fue merecedor \u00c1ngel Ibarra Jasso y del \u00c1mbito de Medio Ambiente, Brayam Edgar Villase\u00f1or Arias.<\/p>\n<p>De igual forma, recibieron menci\u00f3n honorifica Lizeth Yaheli Ru\u00edz P\u00e9rez, por distinguirse en el \u00e1mbito deportivo y Axel Mayo Espinoza Carmona, por su trabajar a favor del \u00e1mbito de Medio Ambiente.<\/p>\n<p>Cabe mencionar, que uno de los galardonados, Jos\u00e9 Daniel Salceda Velasco, ameniz\u00f3 la Sesi\u00f3n Solmene de Cabildo, con su interpretaci\u00f3n musical.<\/p>\n","protected":false},"excerpt":{"rendered":"<p>&nbsp; El Gobierno Municipal Independiente es un aliado de los j\u00f3venes, por lo que ratifica su compromiso por generar una juventud m\u00e1s sana y con acceso a mejores oportunidades, a trav\u00e9s de distintas acciones y pol\u00edticas p\u00fablicas encaminadas hacia este sector, subray\u00f3 el Alcalde, Alfonso Mart\u00ednez Alc\u00e1zar, en el marco de la Sesi\u00f3n Solemne, donde [&hellip;]<\/p>\n","protected":false},"author":2,"featured_media":36897,"comment_status":"closed","ping_status":"closed","sticky":false,"template":"","format":"standard","meta":{"footnotes":""},"categories":[14,9],"tags":[],"class_list":["post-36896","post","type-post","status-publish","format-standard","has-post-thumbnail","hentry","category-destacadas","category-morelia"],"_links":{"self":[{"href":"https:\/\/radiowebmx.com\/nota\/wp-json\/wp\/v2\/posts\/36896","targetHints":{"allow":["GET"]}}],"collection":[{"href":"https:\/\/radiowebmx.com\/nota\/wp-json\/wp\/v2\/posts"}],"about":[{"href":"https:\/\/radiowebmx.com\/nota\/wp-json\/wp\/v2\/types\/post"}],"author":[{"embeddable":true,"href":"https:\/\/radiowebmx.com\/nota\/wp-json\/wp\/v2\/users\/2"}],"replies":[{"embeddable":true,"href":"https:\/\/radiowebmx.com\/nota\/wp-json\/wp\/v2\/comments?post=36896"}],"version-history":[{"count":1,"href":"https:\/\/radiowebmx.com\/nota\/wp-json\/wp\/v2\/posts\/36896\/revisions"}],"predecessor-version":[{"id":36898,"href":"https:\/\/radiowebmx.com\/nota\/wp-json\/wp\/v2\/posts\/36896\/revisions\/36898"}],"wp:featuredmedia":[{"embeddable":true,"href":"https:\/\/radiowebmx.com\/nota\/wp-json\/wp\/v2\/media\/36897"}],"wp:attachment":[{"href":"https:\/\/radiowebmx.com\/nota\/wp-json\/wp\/v2\/media?parent=36896"}],"wp:term":[{"taxonomy":"category","embeddable":true,"href":"https:\/\/radiowebmx.com\/nota\/wp-json\/wp\/v2\/categories?post=36896"},{"taxonomy":"post_tag","embeddable":true,"href":"https:\/\/radiowebmx.com\/nota\/wp-json\/wp\/v2\/tags?post=36896"}],"curies":[{"name":"wp","href":"https:\/\/api.w.org\/{rel}","templated":true}]}}