{"id":36891,"date":"2017-05-31T11:45:20","date_gmt":"2017-05-31T16:45:20","guid":{"rendered":"https:\/\/radiowebmx.com\/nota\/?p=36891"},"modified":"2017-05-31T11:45:20","modified_gmt":"2017-05-31T16:45:20","slug":"imumo-rompe-paradigmas-de-autoempleo-para-mujeres","status":"publish","type":"post","link":"https:\/\/radiowebmx.com\/nota\/imumo-rompe-paradigmas-de-autoempleo-para-mujeres\/","title":{"rendered":"IMUMO rompe paradigmas de autoempleo para mujeres"},"content":{"rendered":"<p><a href=\"https:\/\/radiowebmx.com\/nota\/wp-content\/uploads\/2017\/05\/0eb1b364-394e-41be-bdd8-6f041bf68b23.jpeg\"><img loading=\"lazy\" decoding=\"async\" class=\"alignnone size-medium wp-image-36892\" src=\"https:\/\/radiowebmx.com\/nota\/wp-content\/uploads\/2017\/05\/0eb1b364-394e-41be-bdd8-6f041bf68b23-595x508.jpeg\" alt=\"\" width=\"595\" height=\"508\" srcset=\"https:\/\/radiowebmx.com\/nota\/wp-content\/uploads\/2017\/05\/0eb1b364-394e-41be-bdd8-6f041bf68b23-595x508.jpeg 595w, https:\/\/radiowebmx.com\/nota\/wp-content\/uploads\/2017\/05\/0eb1b364-394e-41be-bdd8-6f041bf68b23.jpeg 709w\" sizes=\"auto, (max-width: 595px) 100vw, 595px\" \/><\/a><\/p>\n<p><a href=\"https:\/\/radiowebmx.com\/nota\/wp-content\/uploads\/2017\/05\/890aefe8-43d0-482e-bc5b-c66e78e72318.jpeg\"><img loading=\"lazy\" decoding=\"async\" class=\"alignnone size-medium wp-image-36893\" src=\"https:\/\/radiowebmx.com\/nota\/wp-content\/uploads\/2017\/05\/890aefe8-43d0-482e-bc5b-c66e78e72318-595x770.jpeg\" alt=\"\" width=\"595\" height=\"770\" srcset=\"https:\/\/radiowebmx.com\/nota\/wp-content\/uploads\/2017\/05\/890aefe8-43d0-482e-bc5b-c66e78e72318-595x770.jpeg 595w, https:\/\/radiowebmx.com\/nota\/wp-content\/uploads\/2017\/05\/890aefe8-43d0-482e-bc5b-c66e78e72318.jpeg 709w\" sizes=\"auto, (max-width: 595px) 100vw, 595px\" \/><\/a><\/p>\n<p>&nbsp;<\/p>\n<p>Derivado de las actividades que el Instituto de la Mujer Moreliana (IMUMO) realiza para la creaci\u00f3n de herramientas que fomenten la participaci\u00f3n de las mujeres en la ciudad, la paramunicipal en coordinaci\u00f3n con instituciones educativas como el CECATI e ICATMI, trabajan para ofrecer actividades y capacitaciones, las cuales com\u00fanmente no son tomadas por este sector social, como mec\u00e1nica, electricidad y carpinter\u00eda, rompiendo adem\u00e1s los estereotipos en cuanto a la preparaci\u00f3n de las mujeres.<\/p>\n<p>Por esto, el pr\u00f3ximo martes 6 de junio el IMUMO en coordinaci\u00f3n con el ICATMI, inaugurar\u00e1 el Curso de Capacitaci\u00f3n para el empoderamiento de la mujer de &#8220;Afinaci\u00f3n de Motores a Gasolina con Inyecci\u00f3n Electr\u00f3nica&#8221; dentro del M\u00f3dulo de Atenci\u00f3n Inmediata a Mujeres del instituto, ubicado en el Fracc. Villas del Pedregal en Av. Metales #472.<\/p>\n<p>Dicho curso tiene la intenci\u00f3n de romper con los paradigmas de que este tipo de trabajos son \u00fanicamente considerados para el hombre, por lo que se extiende una cordial invitaci\u00f3n a nuestras usuarias para que se inscriban, se impartir\u00e1 los martes y viernes de 16:00 a 20:00 horas, teniendo un costo por persona de 200 pesos.<\/p>\n<p>Para su inscripci\u00f3n es necesario presentarse en las instalaciones del M\u00f3dulo de Atenci\u00f3n Inmediata a Mujeres en el complejo habitacional Villas del Pedregal, con copia del INE, copia del comprobante de domicilio y copia de la CURP, para mayores informes comunicarse al tel\u00e9fono 3 82 74 67.<\/p>\n<p>Es importante mencionar que dicho curso podr\u00e1 ser tomado por mujeres y hombres, d\u00e1ndole prioridad al p\u00fablico femenil, es decir, en caso de que se llene el grupo con mujeres, no se podr\u00e1n inscribir hombres, ya que la intenci\u00f3n es llevar este tipo de capacitaciones para el sector femenil de la sociedad.<\/p>\n<p>La Directora de la Paramunicipal, Mar\u00eda Eugenia Romero Olvera, hace una cordial invitaci\u00f3n a las mujeres vecinas del Fraccionamiento Villas del Pedregal para que se inscriban a este curso, con el que se busca proporcionar los conocimientos que en su mayor\u00eda eran destinados para el sector varonil.<\/p>\n<p>Asimismo, hace un llamado a las mujeres morelianas en general para se acerquen, conozcan y aprovechen de todos los servicios con los que cuenta el Instituto de la Mujer Moreliana (IMUMO).<\/p>\n","protected":false},"excerpt":{"rendered":"<p>&nbsp; Derivado de las actividades que el Instituto de la Mujer Moreliana (IMUMO) realiza para la creaci\u00f3n de herramientas que fomenten la participaci\u00f3n de las mujeres en la ciudad, la paramunicipal en coordinaci\u00f3n con instituciones educativas como el CECATI e ICATMI, trabajan para ofrecer actividades y capacitaciones, las cuales com\u00fanmente no son tomadas por este [&hellip;]<\/p>\n","protected":false},"author":2,"featured_media":36892,"comment_status":"closed","ping_status":"closed","sticky":false,"template":"","format":"standard","meta":{"footnotes":""},"categories":[14,9],"tags":[],"class_list":["post-36891","post","type-post","status-publish","format-standard","has-post-thumbnail","hentry","category-destacadas","category-morelia"],"_links":{"self":[{"href":"https:\/\/radiowebmx.com\/nota\/wp-json\/wp\/v2\/posts\/36891","targetHints":{"allow":["GET"]}}],"collection":[{"href":"https:\/\/radiowebmx.com\/nota\/wp-json\/wp\/v2\/posts"}],"about":[{"href":"https:\/\/radiowebmx.com\/nota\/wp-json\/wp\/v2\/types\/post"}],"author":[{"embeddable":true,"href":"https:\/\/radiowebmx.com\/nota\/wp-json\/wp\/v2\/users\/2"}],"replies":[{"embeddable":true,"href":"https:\/\/radiowebmx.com\/nota\/wp-json\/wp\/v2\/comments?post=36891"}],"version-history":[{"count":1,"href":"https:\/\/radiowebmx.com\/nota\/wp-json\/wp\/v2\/posts\/36891\/revisions"}],"predecessor-version":[{"id":36894,"href":"https:\/\/radiowebmx.com\/nota\/wp-json\/wp\/v2\/posts\/36891\/revisions\/36894"}],"wp:featuredmedia":[{"embeddable":true,"href":"https:\/\/radiowebmx.com\/nota\/wp-json\/wp\/v2\/media\/36892"}],"wp:attachment":[{"href":"https:\/\/radiowebmx.com\/nota\/wp-json\/wp\/v2\/media?parent=36891"}],"wp:term":[{"taxonomy":"category","embeddable":true,"href":"https:\/\/radiowebmx.com\/nota\/wp-json\/wp\/v2\/categories?post=36891"},{"taxonomy":"post_tag","embeddable":true,"href":"https:\/\/radiowebmx.com\/nota\/wp-json\/wp\/v2\/tags?post=36891"}],"curies":[{"name":"wp","href":"https:\/\/api.w.org\/{rel}","templated":true}]}}