{"id":36880,"date":"2017-05-31T11:24:52","date_gmt":"2017-05-31T16:24:52","guid":{"rendered":"https:\/\/radiowebmx.com\/nota\/?p=36880"},"modified":"2017-05-31T11:24:52","modified_gmt":"2017-05-31T16:24:52","slug":"miguel-angel-villegas-comprometido-con-la-difusion-de-las-artes","status":"publish","type":"post","link":"https:\/\/radiowebmx.com\/nota\/miguel-angel-villegas-comprometido-con-la-difusion-de-las-artes\/","title":{"rendered":"Miguel \u00c1ngel Villegas, comprometido con la difusi\u00f3n de las artes"},"content":{"rendered":"<ul type=\"disc\">\n<li class=\"x_MsoNormal\"><i><span lang=\"ES-TRAD\">Se gestiona la lectura y el teatro comunitario, indic\u00f3 el diputado del PAN<\/span><\/i><\/li>\n<\/ul>\n<p class=\"x_MsoNormal\"><a href=\"https:\/\/radiowebmx.com\/nota\/wp-content\/uploads\/2017\/05\/Comunicado-758.jpg\"><img loading=\"lazy\" decoding=\"async\" class=\"alignnone size-medium wp-image-36881\" src=\"https:\/\/radiowebmx.com\/nota\/wp-content\/uploads\/2017\/05\/Comunicado-758-595x376.jpg\" alt=\"\" width=\"595\" height=\"376\" srcset=\"https:\/\/radiowebmx.com\/nota\/wp-content\/uploads\/2017\/05\/Comunicado-758-595x376.jpg 595w, https:\/\/radiowebmx.com\/nota\/wp-content\/uploads\/2017\/05\/Comunicado-758.jpg 709w\" sizes=\"auto, (max-width: 595px) 100vw, 595px\" \/><\/a><\/p>\n<p class=\"x_MsoNormal\">\n<p class=\"x_MsoNormal\">Morelia; Michoac\u00e1n, 30 de mayo de 2017.- \u00a0El diputado local por el Partido Acci\u00f3n Nacional (PAN), Miguel \u00c1ngel Villegas Soto, est\u00e1 comprometido con la difusi\u00f3n y promoci\u00f3n de las artes con el objetivo de reconstruir el tejido social. Por tal motivo, gestiona la realizaci\u00f3n de diversas expresiones art\u00edsticas en colonias y comunidades de Morelia.<\/p>\n<p class=\"x_MsoNormal\">Expuso que con la participaci\u00f3n organizada de los vecinos se promueve la lectura y el teatro comunitario, adem\u00e1s de queen dichas actividades pueden participar mediante la liberaci\u00f3n de su servicio social, j\u00f3venes\u00a0 estudiantes que est\u00e9n relacionados con las artes para impartir los cursos.<\/p>\n<p class=\"x_MsoNormal\">En este mismo sentido, y con la finalidad de fortalecer el intercambio de experiencias art\u00edsticas, el legislador panista que integra la comisi\u00f3n de J\u00f3venes y Deporte, apoyar\u00e1 el 27\u00b0 Festival Internacional de Guitarra de Morelia, el cual se llevar\u00e1 a cabo del 12 al 16 de junio pr\u00f3ximos.<\/p>\n<p class=\"x_MsoNormal\">\u201cEstamos comprometidos con la promoci\u00f3n de las artes para construir una mejor sociedad. Con estas actividades realizadas en Morelia, adem\u00e1s de convivir y divertirnos, buscamos alg\u00fan aprendizaje que nos ayude a mejorar en lo personal y en lo colectivo\u201d, destac\u00f3 Villegas Soto.<\/p>\n","protected":false},"excerpt":{"rendered":"<p>Se gestiona la lectura y el teatro comunitario, indic\u00f3 el diputado del PAN Morelia; Michoac\u00e1n, 30 de mayo de 2017.- \u00a0El diputado local por el Partido Acci\u00f3n Nacional (PAN), Miguel \u00c1ngel Villegas Soto, est\u00e1 comprometido con la difusi\u00f3n y promoci\u00f3n de las artes con el objetivo de reconstruir el tejido social. Por tal motivo, gestiona [&hellip;]<\/p>\n","protected":false},"author":2,"featured_media":36881,"comment_status":"closed","ping_status":"closed","sticky":false,"template":"","format":"standard","meta":{"footnotes":""},"categories":[6,14,8],"tags":[],"class_list":["post-36880","post","type-post","status-publish","format-standard","has-post-thumbnail","hentry","category-congreso-del-estado","category-destacadas","category-grupo-parlamentario-del-pan"],"_links":{"self":[{"href":"https:\/\/radiowebmx.com\/nota\/wp-json\/wp\/v2\/posts\/36880","targetHints":{"allow":["GET"]}}],"collection":[{"href":"https:\/\/radiowebmx.com\/nota\/wp-json\/wp\/v2\/posts"}],"about":[{"href":"https:\/\/radiowebmx.com\/nota\/wp-json\/wp\/v2\/types\/post"}],"author":[{"embeddable":true,"href":"https:\/\/radiowebmx.com\/nota\/wp-json\/wp\/v2\/users\/2"}],"replies":[{"embeddable":true,"href":"https:\/\/radiowebmx.com\/nota\/wp-json\/wp\/v2\/comments?post=36880"}],"version-history":[{"count":1,"href":"https:\/\/radiowebmx.com\/nota\/wp-json\/wp\/v2\/posts\/36880\/revisions"}],"predecessor-version":[{"id":36882,"href":"https:\/\/radiowebmx.com\/nota\/wp-json\/wp\/v2\/posts\/36880\/revisions\/36882"}],"wp:featuredmedia":[{"embeddable":true,"href":"https:\/\/radiowebmx.com\/nota\/wp-json\/wp\/v2\/media\/36881"}],"wp:attachment":[{"href":"https:\/\/radiowebmx.com\/nota\/wp-json\/wp\/v2\/media?parent=36880"}],"wp:term":[{"taxonomy":"category","embeddable":true,"href":"https:\/\/radiowebmx.com\/nota\/wp-json\/wp\/v2\/categories?post=36880"},{"taxonomy":"post_tag","embeddable":true,"href":"https:\/\/radiowebmx.com\/nota\/wp-json\/wp\/v2\/tags?post=36880"}],"curies":[{"name":"wp","href":"https:\/\/api.w.org\/{rel}","templated":true}]}}