{"id":36869,"date":"2017-05-30T16:05:59","date_gmt":"2017-05-30T21:05:59","guid":{"rendered":"https:\/\/radiowebmx.com\/nota\/?p=36869"},"modified":"2017-05-31T10:35:16","modified_gmt":"2017-05-31T15:35:16","slug":"ratifica-ayuntamiento-de-morelia-compromiso-con-el-medio-ambiente","status":"publish","type":"post","link":"https:\/\/radiowebmx.com\/nota\/ratifica-ayuntamiento-de-morelia-compromiso-con-el-medio-ambiente\/","title":{"rendered":"Ratifica Ayuntamiento de Morelia compromiso con el medio ambiente"},"content":{"rendered":"<p><a href=\"https:\/\/radiowebmx.com\/nota\/wp-content\/uploads\/2017\/05\/5d589095-22fd-4e5a-bc70-0dc268c99f7f.jpeg\"><img loading=\"lazy\" decoding=\"async\" class=\"alignnone size-medium wp-image-36870\" src=\"https:\/\/radiowebmx.com\/nota\/wp-content\/uploads\/2017\/05\/5d589095-22fd-4e5a-bc70-0dc268c99f7f-595x396.jpeg\" alt=\"\" width=\"595\" height=\"396\" srcset=\"https:\/\/radiowebmx.com\/nota\/wp-content\/uploads\/2017\/05\/5d589095-22fd-4e5a-bc70-0dc268c99f7f-595x396.jpeg 595w, https:\/\/radiowebmx.com\/nota\/wp-content\/uploads\/2017\/05\/5d589095-22fd-4e5a-bc70-0dc268c99f7f.jpeg 709w\" sizes=\"auto, (max-width: 595px) 100vw, 595px\" \/><\/a><\/p>\n<p>En aras de continuar con acciones concretas a favor del medio ambiente en la capital del estado, en Sesi\u00f3n Ordinaria de Cabildo, fue aprobado por unanimidad el Punto de Acuerdo por el que se solicita Ratificar la Firma del Aval a la Carta de la Tierra, por parte del municipio de Morelia, Michoac\u00e1n.<\/p>\n<p>En este marco, el Presidente Municipal, Alfonso Mart\u00ednez Alc\u00e1zar, reafirm\u00f3 el \u201ccompromiso real\u201d que tiene la Administraci\u00f3n que encabeza por mejorar el entorno, ante el escenario ambiental que enfrenta no s\u00f3lo la ciudad, sino el pa\u00eds y el mundo, el cual exige a las autoridades a emprender un trabajo decidido en la materia.<\/p>\n<p>\u201cEs necesario estar cada vez m\u00e1s comprometidos de manera real y con acciones concretas con el medio ambiente para evitar casos alarmantes, ya que cada vez es m\u00e1s extremo el clima, por lo que estamos haciendo un gran esfuerzo como Ayuntamiento para contrarrestarlo\u201d, precis\u00f3.<\/p>\n<p>El Alcalde, anunci\u00f3 que como parte de estas actividades este a\u00f1o se tiene proyectado sembrar 120 mil \u00e1rboles en la periferia de la ciudad, en tanto que adem\u00e1s se colocar\u00e1 un n\u00famero importante de macizos en la zona urbana del municipio; asimismo, lament\u00f3 que pese a las actividades interinstitucionales del Gobierno Municipal y de la ciudadan\u00eda por limpiar las calles y avenidas previo a la temporada de lluvias, la basura sigue prevaleciendo, de ah\u00ed que conmin\u00f3 a la poblaci\u00f3n a colaborar en este tenor y evitar tirar basura.<\/p>\n<p>En su oportunidad, la Regidora, Mar\u00eda Elisa Garrido P\u00e9rez, quien present\u00f3 esta iniciativa, subray\u00f3 que con el aval a la Carta de la Tierra, queda de manifiesto la voluntad del Ayuntamiento Independiente por generar acciones de gobierno \u00e9ticas, en donde la dignidad de la persona y sus derechos sean ejes rectores en la forma de conducirse del municipio.<\/p>\n<p>La coordinadora de la Comisi\u00f3n de Ecolog\u00eda, detall\u00f3 que la Carta de la Tierra es un marco \u00e9tico para la construcci\u00f3n de una sociedad m\u00e1s justa, sustentable y pac\u00edfica, que se enfoca principalmente en promover la transici\u00f3n a estilos de vida sostenibles y a un desarrollo humano coherente, reconociendo que la protecci\u00f3n ecol\u00f3gica, la erradicaci\u00f3n de la pobreza, el desarrollo econ\u00f3mico equitativo, el respeto a los derechos humanos, la democracia y la paz, son interdependientes e indivisibles. Apunt\u00f3 que esta ratificaci\u00f3n se pretende efectuar el 5 de junio del presente a\u00f1o en el marco del D\u00eda Mundial del Medio Ambiente.<\/p>\n<p>Por otra parte, por unanimidad de los integrantes de Cabildo y con el af\u00e1n de simplificar los tr\u00e1mites al respecto, se aval\u00f3 el Acuerdo mediante el cual se Autoriza al S\u00edndico Municipal en cuanto representante legal del Ayuntamiento de Morelia, para Suscribir los Endosos de las Facturas de los Bienes Muebles (veh\u00edculos automotores) que integran el Patrimonio Municipal.<\/p>\n<p>Lo anterior, cuando se pretendan enajenar en favor de las Aseguradoras, Personas F\u00edsicas y Morales, que por su uso, aprovechamiento o estado de conservaci\u00f3n, no son de utilidad para el Servicio P\u00fablico por haber sido amortizados, y\/o considerados chatarra y\/o siniestrados; por ende, se Ratifican aquellos Endosos que se hayan Firmado con Anterioridad, mediante los cuales se hayan Cedido Derechos sobre Bienes Muebles.<\/p>\n<p>As\u00ed, el documento instruye a la Sindicatura Municipal no s\u00f3lo a emitir un listado de los bienes muebles cedidos en propiedad que d\u00e9 de baja del inventario de los bienes muebles propiedad, sino tambi\u00e9n, en los t\u00e9rminos del art\u00edculo 96 del Reglamento de Adquisiciones, Enajenaciones, Arrendamientos y Contrataci\u00f3n de Servicios Relacionados con Bienes Muebles e Inmuebles del Municipio de Morelia, a que informe a trav\u00e9s de la Direcci\u00f3n de Patrimonio Municipal al Comit\u00e9 sobre los actos que se realicen para la enajenaci\u00f3n de los bienes muebles propiedad Municipal\u00a0 y\u00a0 en\u00a0 coordinaci\u00f3n\u00a0 con\u00a0 la Contralor\u00eda Municipal, lleven cabo los tr\u00e1mites y actos que se realicen por la enajenaci\u00f3n de los bienes muebles propiedad Municipal.<\/p>\n","protected":false},"excerpt":{"rendered":"<p>En aras de continuar con acciones concretas a favor del medio ambiente en la capital del estado, en Sesi\u00f3n Ordinaria de Cabildo, fue aprobado por unanimidad el Punto de Acuerdo por el que se solicita Ratificar la Firma del Aval a la Carta de la Tierra, por parte del municipio de Morelia, Michoac\u00e1n. En este [&hellip;]<\/p>\n","protected":false},"author":2,"featured_media":36870,"comment_status":"closed","ping_status":"closed","sticky":false,"template":"","format":"standard","meta":{"footnotes":""},"categories":[14,9],"tags":[],"class_list":["post-36869","post","type-post","status-publish","format-standard","has-post-thumbnail","hentry","category-destacadas","category-morelia"],"_links":{"self":[{"href":"https:\/\/radiowebmx.com\/nota\/wp-json\/wp\/v2\/posts\/36869","targetHints":{"allow":["GET"]}}],"collection":[{"href":"https:\/\/radiowebmx.com\/nota\/wp-json\/wp\/v2\/posts"}],"about":[{"href":"https:\/\/radiowebmx.com\/nota\/wp-json\/wp\/v2\/types\/post"}],"author":[{"embeddable":true,"href":"https:\/\/radiowebmx.com\/nota\/wp-json\/wp\/v2\/users\/2"}],"replies":[{"embeddable":true,"href":"https:\/\/radiowebmx.com\/nota\/wp-json\/wp\/v2\/comments?post=36869"}],"version-history":[{"count":1,"href":"https:\/\/radiowebmx.com\/nota\/wp-json\/wp\/v2\/posts\/36869\/revisions"}],"predecessor-version":[{"id":36871,"href":"https:\/\/radiowebmx.com\/nota\/wp-json\/wp\/v2\/posts\/36869\/revisions\/36871"}],"wp:featuredmedia":[{"embeddable":true,"href":"https:\/\/radiowebmx.com\/nota\/wp-json\/wp\/v2\/media\/36870"}],"wp:attachment":[{"href":"https:\/\/radiowebmx.com\/nota\/wp-json\/wp\/v2\/media?parent=36869"}],"wp:term":[{"taxonomy":"category","embeddable":true,"href":"https:\/\/radiowebmx.com\/nota\/wp-json\/wp\/v2\/categories?post=36869"},{"taxonomy":"post_tag","embeddable":true,"href":"https:\/\/radiowebmx.com\/nota\/wp-json\/wp\/v2\/tags?post=36869"}],"curies":[{"name":"wp","href":"https:\/\/api.w.org\/{rel}","templated":true}]}}