{"id":36866,"date":"2017-05-30T15:49:32","date_gmt":"2017-05-30T20:49:32","guid":{"rendered":"https:\/\/radiowebmx.com\/nota\/?p=36866"},"modified":"2017-05-31T10:33:47","modified_gmt":"2017-05-31T15:33:47","slug":"generacion-de-empleo-rompe-con-el-paternalismo","status":"publish","type":"post","link":"https:\/\/radiowebmx.com\/nota\/generacion-de-empleo-rompe-con-el-paternalismo\/","title":{"rendered":"Generaci\u00f3n de empleo rompe con el paternalismo"},"content":{"rendered":"<p class=\"x_MsoNormal\"><a href=\"https:\/\/radiowebmx.com\/nota\/wp-content\/uploads\/2017\/05\/IMG-20170530-WA0038.jpg\"><img loading=\"lazy\" decoding=\"async\" class=\"alignnone size-medium wp-image-36867\" src=\"https:\/\/radiowebmx.com\/nota\/wp-content\/uploads\/2017\/05\/IMG-20170530-WA0038-595x446.jpg\" alt=\"\" width=\"595\" height=\"446\" srcset=\"https:\/\/radiowebmx.com\/nota\/wp-content\/uploads\/2017\/05\/IMG-20170530-WA0038-595x446.jpg 595w, https:\/\/radiowebmx.com\/nota\/wp-content\/uploads\/2017\/05\/IMG-20170530-WA0038.jpg 709w\" sizes=\"auto, (max-width: 595px) 100vw, 595px\" \/><\/a><\/p>\n<p class=\"x_MsoNormal\">Morelia Mich. a 30 de mayo del 2017.- Gracias al impulso sin precedente que ha tenido el Instituto de Econom\u00eda Social en cinco a\u00f1os, se ha podido eficientar el ingreso de peque\u00f1os productores que hoy a trav\u00e9s de la organizaci\u00f3n pueden exportar sus productos y generar cientos de fuentes de empleo permanentes en localidades en donde no se pod\u00eda comercializar.<\/p>\n<p class=\"x_MsoNormal\">Fueron las palabras de Ger\u00f3nimo Color Gasca delegado de la SEDESOL en Michoac\u00e1n, quien junto a la delegada M\u00f3nica S\u00e1nchez Cach\u00fa del INAES, invitaron el pr\u00f3ximo s\u00e1bado a la Expo Estatal de la Econom\u00eda Social que se llevar\u00e1 a cabo en la Plaza Valladolid a las 11:00 horas.<\/p>\n<p class=\"x_MsoNormal\">En la Tercera Expo INAES la poblaci\u00f3n puede adquirir productos de la m\u00e1s alta calidad a mitad de precio directamente de peque\u00f1os productores michoacanos. Adem\u00e1s de participar en talleres, conferencias y conocer los casos de \u00e9xito y la manera en que peque\u00f1os productores se organizaron y capacitaron para acceder a la adquisici\u00f3n de equipamiento y as\u00ed evitar a intermediarios.<\/p>\n<p class=\"x_MsoNormal\">Ser\u00e1n 66 empresas del sector social las que expongan sus productos entre los que se encuentran guitarras, tilapia, charales, filete envasado, trucha, embutidos a base de pez diablo, lim\u00f3n, fresa, jamaica, guayaba, ajonjol\u00ed, pepino, jitomate, chile manzano, galletas, jugo de maguey, mole, quesos, artesan\u00edas y muchos m\u00e1s.<\/p>\n<p class=\"x_MsoNormal\">Gracias a la organizaci\u00f3n de los productores y a la adquisici\u00f3n de maquinaria que permite procesos de inocuidad, productos michoacanos se exportan a mercados de Am\u00e9rica del Norte, As\u00eda y Europa, con lo que detonan la econom\u00eda regional, mencion\u00f3 Color Gasca.<\/p>\n<p class=\"x_MsoNormal\">Quien agreg\u00f3, que estos \u201cnuevos modelos de impacto que regional en donde productores, empacadores y jornaleros trabajan con \u00e9xito para detonar la econ\u00f3mica aprovechando las vocaciones regionales. \u201cHoy Sedesol no entrega despensas, entrega proyectos productivos. Revirtiendo proyectos paternalistas,\u201d matiz\u00f3 el delegado de la dependencia.<\/p>\n<p class=\"x_MsoNormal\">En la administraci\u00f3n del presidente Enrique Pe\u00f1a Nieto a trav\u00e9s de 858 proyectos colectivos se ha invertido 323 millones de pesos para la reactivaci\u00f3n de las vocaciones productivas de Michoac\u00e1n. Lo que representa la generaci\u00f3n de m\u00e1s de 3 mil empleos permanentes.<\/p>\n<p class=\"x_MsoNormal\">\n","protected":false},"excerpt":{"rendered":"<p>Morelia Mich. a 30 de mayo del 2017.- Gracias al impulso sin precedente que ha tenido el Instituto de Econom\u00eda Social en cinco a\u00f1os, se ha podido eficientar el ingreso de peque\u00f1os productores que hoy a trav\u00e9s de la organizaci\u00f3n pueden exportar sus productos y generar cientos de fuentes de empleo permanentes en localidades en [&hellip;]<\/p>\n","protected":false},"author":2,"featured_media":36867,"comment_status":"closed","ping_status":"closed","sticky":false,"template":"","format":"standard","meta":{"footnotes":""},"categories":[14,3],"tags":[],"class_list":["post-36866","post","type-post","status-publish","format-standard","has-post-thumbnail","hentry","category-destacadas","category-gobierno-del-estado-de-michoacan"],"_links":{"self":[{"href":"https:\/\/radiowebmx.com\/nota\/wp-json\/wp\/v2\/posts\/36866","targetHints":{"allow":["GET"]}}],"collection":[{"href":"https:\/\/radiowebmx.com\/nota\/wp-json\/wp\/v2\/posts"}],"about":[{"href":"https:\/\/radiowebmx.com\/nota\/wp-json\/wp\/v2\/types\/post"}],"author":[{"embeddable":true,"href":"https:\/\/radiowebmx.com\/nota\/wp-json\/wp\/v2\/users\/2"}],"replies":[{"embeddable":true,"href":"https:\/\/radiowebmx.com\/nota\/wp-json\/wp\/v2\/comments?post=36866"}],"version-history":[{"count":1,"href":"https:\/\/radiowebmx.com\/nota\/wp-json\/wp\/v2\/posts\/36866\/revisions"}],"predecessor-version":[{"id":36868,"href":"https:\/\/radiowebmx.com\/nota\/wp-json\/wp\/v2\/posts\/36866\/revisions\/36868"}],"wp:featuredmedia":[{"embeddable":true,"href":"https:\/\/radiowebmx.com\/nota\/wp-json\/wp\/v2\/media\/36867"}],"wp:attachment":[{"href":"https:\/\/radiowebmx.com\/nota\/wp-json\/wp\/v2\/media?parent=36866"}],"wp:term":[{"taxonomy":"category","embeddable":true,"href":"https:\/\/radiowebmx.com\/nota\/wp-json\/wp\/v2\/categories?post=36866"},{"taxonomy":"post_tag","embeddable":true,"href":"https:\/\/radiowebmx.com\/nota\/wp-json\/wp\/v2\/tags?post=36866"}],"curies":[{"name":"wp","href":"https:\/\/api.w.org\/{rel}","templated":true}]}}