{"id":36854,"date":"2017-05-30T14:53:47","date_gmt":"2017-05-30T19:53:47","guid":{"rendered":"https:\/\/radiowebmx.com\/nota\/?p=36854"},"modified":"2017-05-30T15:25:09","modified_gmt":"2017-05-30T20:25:09","slug":"aprueba-cabildo-de-morelia-recipiendarios-de-la-condecoracion-al-merito-juvenil-2017","status":"publish","type":"post","link":"https:\/\/radiowebmx.com\/nota\/aprueba-cabildo-de-morelia-recipiendarios-de-la-condecoracion-al-merito-juvenil-2017\/","title":{"rendered":"Aprueba Cabildo de Morelia recipiendarios de la Condecoraci\u00f3n al M\u00e9rito Juvenil 2017"},"content":{"rendered":"<ul>\n<li>Se aval\u00f3 adem\u00e1s que sea habilitado como recinto oficial el Patio Principal de este Palacio Municipal, el d\u00eda 31 de mayo, para la entrega de este reconocimiento.<\/li>\n<\/ul>\n<p><a href=\"https:\/\/radiowebmx.com\/nota\/wp-content\/uploads\/2017\/05\/446769a4-a9e1-447f-9eda-6f3cb9e927d6.jpeg\"><img loading=\"lazy\" decoding=\"async\" class=\"alignnone size-medium wp-image-36855\" src=\"https:\/\/radiowebmx.com\/nota\/wp-content\/uploads\/2017\/05\/446769a4-a9e1-447f-9eda-6f3cb9e927d6-595x396.jpeg\" alt=\"\" width=\"595\" height=\"396\" srcset=\"https:\/\/radiowebmx.com\/nota\/wp-content\/uploads\/2017\/05\/446769a4-a9e1-447f-9eda-6f3cb9e927d6-595x396.jpeg 595w, https:\/\/radiowebmx.com\/nota\/wp-content\/uploads\/2017\/05\/446769a4-a9e1-447f-9eda-6f3cb9e927d6.jpeg 709w\" sizes=\"auto, (max-width: 595px) 100vw, 595px\" \/><\/a><\/p>\n<div>Por decisi\u00f3n un\u00e1nime, el Cabildo de Morelia aprob\u00f3 en Sesi\u00f3n Ordinaria, el Dictamen por el que se Autoriza la Entrega de la Condecoraci\u00f3n al M\u00e9rito Juvenil 2017, donde once personas ser\u00e1n reconocidas por su destacada trayectoria en los \u00e1mbitos social, acad\u00e9mico, deportivo, social, por mencionar solo algunas.<\/p>\n<p>Al respecto, el Regidor, F\u00e9lix Madrigal Pulido, coordinador de la Comisi\u00f3n de la Mujer, Juventud y Deporte, destac\u00f3 el inter\u00e9s de los j\u00f3venes morelianos por participar en la distinci\u00f3n m\u00e1s importante que realiza el Ayuntamiento capitalino a este sector de la poblaci\u00f3n.<\/p>\n<p>Detall\u00f3 que tras el cierre de la Convocatoria, el 28 de abril de 2017, el Consejo General recibi\u00f3\u00a0 63 expedientes para los diversos \u00e1mbitos que integran la condecoraci\u00f3n, por lo que derivado de las reuniones del jurado para el an\u00e1lisis y deliberaci\u00f3n de las propuestas, se determin\u00f3 que los seleccionados para obtener la Condecoraci\u00f3n al M\u00e9rito Juvenil 2017 ser\u00e1n:<\/p>\n<p><strong>\u00c1MBITO AC\u00c1DEMICO.<\/strong><br \/>\na)\u00a0\u00a0\u00a0\u00a0 \u00a0En la Categor\u00eda \u201cA\u201d, resulta merecedor Arturo Garc\u00eda Cerrillo.<br \/>\nb)\u00a0\u00a0\u00a0\u00a0\u00a0 En la Categor\u00eda \u201cB\u201d, es merecedora Diana Garc\u00eda Cerrillo.<\/p>\n<p><strong>\u00c1MBITO ART\u00cdSTICO-CULTURAL.<\/strong><br \/>\na)\u00a0\u00a0\u00a0\u00a0 \u00a0En la Categor\u00eda \u201cA\u201d, es merecedor Jos\u00e9 Daniel Salceda Velasco.<br \/>\nb)\u00a0\u00a0\u00a0\u00a0\u00a0 En la Categor\u00eda \u201cB\u201d, es merecedor Jos\u00e9 Agust\u00edn Aguilar Sol\u00f3rzano.<\/p>\n<p><strong>\u00c1MBITO PROFESIONAL.<\/strong><br \/>\na)\u00a0\u00a0\u00a0\u00a0\u00a0\u00a0 En la Categor\u00eda \u00fanica dentro del \u00c1mbito Profesional, resulta merecedor Carlos Rodolfo Mart\u00ednez Cort\u00e9s.<\/p>\n<p><strong>\u00c1MBITO SOCIAL.<\/strong><br \/>\na)\u00a0\u00a0\u00a0\u00a0\u00a0\u00a0 Dentro de la Categor\u00eda \u00fanica del \u00c1mbito Social, es merecedor Mart\u00edn Francisco Zepeda Cansino.<\/p>\n<p><strong>\u00c1MBITO DEPORTIVO.<\/strong><br \/>\na)\u00a0\u00a0\u00a0\u00a0\u00a0 En la Categor\u00eda \u201cA\u201d, es merecedora Rosa Arlene L\u00f3pez Baltazar Maldonado.<br \/>\nb)\u00a0\u00a0\u00a0\u00a0\u00a0 En la Categor\u00eda \u201cB\u201d, es merecedor Lincoln Lira Rodr\u00edguez.<\/p>\n<p><strong>\u00c1MBITO DISCAPACIDAD E INTEGRACI\u00d3N.<\/strong><br \/>\na)\u00a0\u00a0\u00a0\u00a0\u00a0\u00a0 En la Categor\u00eda \u00fanica dentro del \u00c1mbito de Discapacidad e Integraci\u00f3n, es merecedor \u00c1ngel Ibarra Jasso.<\/p>\n<p><strong>\u00c1MBITO MEDIO AMBIENTE.<\/strong><br \/>\na)\u00a0\u00a0\u00a0\u00a0\u00a0\u00a0 Dentro de la Categor\u00eda \u00fanica dentro del \u00c1mbito de Medio Ambiente, resulta merecedor Brayam Edgar Villase\u00f1or Arias.<\/p>\n<p><strong>\u00c1MBITO INNOVACI\u00d3N TECNOL\u00d3GICA.<\/strong><br \/>\na)\u00a0\u00a0\u00a0\u00a0\u00a0\u00a0 Dentro de la Categor\u00eda \u00fanica del \u00c1mbito de Innovaci\u00f3n Tecnol\u00f3gica, es merecedora Viridiana Pati\u00f1o Casta\u00f1eda.<\/p>\n<p>Asimismo, durante la Sesi\u00f3n Ordinaria, el cuerpo colegiado aval\u00f3 que se habilite como recinto oficial el Patio Principal de este Palacio Municipal, el d\u00eda 31 de mayo del a\u00f1o en curso, a partir de las 08:30 horas, a fin de llevar a cabo la Sesi\u00f3n Solemne de Cabildo, en la que se har\u00e1 entrega de la Condecoraci\u00f3n al M\u00e9rito Juvenil 2017.<\/p>\n<p>En otro orden de ideas, fue aprobado el Punto de Acuerdo, mediante el cual se exhorta al Departamento de Atenci\u00f3n al Migrante, dependiente de la Secretar\u00eda de Desarrollo Humano y Bienestar Social del Ayuntamiento de Morelia, para que presente por escrito ante este cabildo, un plan integral de atenci\u00f3n orientado a cubrir las siguientes demandas y necesidades de los migrantes morelianos.<\/p>\n<p>El documento propone que este este plan brinde asistencia jur\u00eddica para tramitar la doble nacionalidad de sus hijos, asistencia jur\u00eddica para traslado de enfermos, acompa\u00f1amiento para tr\u00e1mite de visas humanitarias, vinculaci\u00f3n con el sector productivo hispano en Estados Unidos, b\u00fasqueda de personas detenidas en el extranjero, atenci\u00f3n de derechos humanos a ni\u00f1os migrantes, as\u00ed como la planeaci\u00f3n para buscar la firma de convenios de colaboraci\u00f3n con consejos de migrantes y dependencias de orden estatal y federal.<\/p><\/div>\n","protected":false},"excerpt":{"rendered":"<p>Se aval\u00f3 adem\u00e1s que sea habilitado como recinto oficial el Patio Principal de este Palacio Municipal, el d\u00eda 31 de mayo, para la entrega de este reconocimiento. Por decisi\u00f3n un\u00e1nime, el Cabildo de Morelia aprob\u00f3 en Sesi\u00f3n Ordinaria, el Dictamen por el que se Autoriza la Entrega de la Condecoraci\u00f3n al M\u00e9rito Juvenil 2017, donde [&hellip;]<\/p>\n","protected":false},"author":2,"featured_media":36855,"comment_status":"closed","ping_status":"closed","sticky":false,"template":"","format":"standard","meta":{"footnotes":""},"categories":[14,9],"tags":[],"class_list":["post-36854","post","type-post","status-publish","format-standard","has-post-thumbnail","hentry","category-destacadas","category-morelia"],"_links":{"self":[{"href":"https:\/\/radiowebmx.com\/nota\/wp-json\/wp\/v2\/posts\/36854","targetHints":{"allow":["GET"]}}],"collection":[{"href":"https:\/\/radiowebmx.com\/nota\/wp-json\/wp\/v2\/posts"}],"about":[{"href":"https:\/\/radiowebmx.com\/nota\/wp-json\/wp\/v2\/types\/post"}],"author":[{"embeddable":true,"href":"https:\/\/radiowebmx.com\/nota\/wp-json\/wp\/v2\/users\/2"}],"replies":[{"embeddable":true,"href":"https:\/\/radiowebmx.com\/nota\/wp-json\/wp\/v2\/comments?post=36854"}],"version-history":[{"count":1,"href":"https:\/\/radiowebmx.com\/nota\/wp-json\/wp\/v2\/posts\/36854\/revisions"}],"predecessor-version":[{"id":36856,"href":"https:\/\/radiowebmx.com\/nota\/wp-json\/wp\/v2\/posts\/36854\/revisions\/36856"}],"wp:featuredmedia":[{"embeddable":true,"href":"https:\/\/radiowebmx.com\/nota\/wp-json\/wp\/v2\/media\/36855"}],"wp:attachment":[{"href":"https:\/\/radiowebmx.com\/nota\/wp-json\/wp\/v2\/media?parent=36854"}],"wp:term":[{"taxonomy":"category","embeddable":true,"href":"https:\/\/radiowebmx.com\/nota\/wp-json\/wp\/v2\/categories?post=36854"},{"taxonomy":"post_tag","embeddable":true,"href":"https:\/\/radiowebmx.com\/nota\/wp-json\/wp\/v2\/tags?post=36854"}],"curies":[{"name":"wp","href":"https:\/\/api.w.org\/{rel}","templated":true}]}}