{"id":36851,"date":"2017-05-30T14:51:14","date_gmt":"2017-05-30T19:51:14","guid":{"rendered":"https:\/\/radiowebmx.com\/nota\/?p=36851"},"modified":"2017-05-30T15:21:24","modified_gmt":"2017-05-30T20:21:24","slug":"electronica-una-de-las-especialidades-que-ofrece-el-cecytem","status":"publish","type":"post","link":"https:\/\/radiowebmx.com\/nota\/electronica-una-de-las-especialidades-que-ofrece-el-cecytem\/","title":{"rendered":"Electr\u00f3nica, una de las especialidades que ofrece el CECyTEM"},"content":{"rendered":"<p><a href=\"https:\/\/radiowebmx.com\/nota\/wp-content\/uploads\/2017\/05\/89aa1f46-470a-49f0-ae31-3030a2ee2364.jpg\"><img loading=\"lazy\" decoding=\"async\" class=\"alignnone size-medium wp-image-36852\" src=\"https:\/\/radiowebmx.com\/nota\/wp-content\/uploads\/2017\/05\/89aa1f46-470a-49f0-ae31-3030a2ee2364-595x368.jpg\" alt=\"\" width=\"595\" height=\"368\" srcset=\"https:\/\/radiowebmx.com\/nota\/wp-content\/uploads\/2017\/05\/89aa1f46-470a-49f0-ae31-3030a2ee2364-595x368.jpg 595w, https:\/\/radiowebmx.com\/nota\/wp-content\/uploads\/2017\/05\/89aa1f46-470a-49f0-ae31-3030a2ee2364.jpg 709w\" sizes=\"auto, (max-width: 595px) 100vw, 595px\" \/><\/a><\/p>\n<p>&nbsp;<\/p>\n<p><strong>Morelia, Michoac\u00e1n, a 30 de mayo de 2017.-<\/strong>\u00a0El Colegio de Estudios Cient\u00edficos y Tecnol\u00f3gicos del Estado de Michoac\u00e1n (CECyTEM) ofrece la especialidad en Electr\u00f3nica en cinco de sus planteles para los estudiantes pr\u00f3ximos a egresar de la secundaria y que deseen cursar esta especialidad en Morelia, Pur\u00e9pero, Perib\u00e1n, San Lucas y Panind\u00edcuaro.<\/p>\n<p>&nbsp;<\/p>\n<p>As\u00ed lo inform\u00f3 la directora general del subsistema, Mar\u00eda del Carmen Escobedo P\u00e9rez, y destac\u00f3 que la especialidad en Electr\u00f3nica ofrece las herramientas profesionales que permiten a los estudiantes aplicar dispositivos y sistemas electr\u00f3nicos compactos y eficientes, ya que el campo laboral requiere de t\u00e9cnicos para operar, poner en marcha y mantener toda la diversidad de sistemas de uso dom\u00e9stico, comercial e industrial.<\/p>\n<p>&nbsp;<\/p>\n<p>Resalt\u00f3 que se trabaja en la elaboraci\u00f3n de proyectos para la inversi\u00f3n en los talleres de las 19 especialidades con las que cuenta el subsistema en sus 34 planteles escolarizados en Michoac\u00e1n; muestra de ello, expuso, es la reciente inversi\u00f3n al taller de la especialidad en Mecatr\u00f3nica en Ciudad Hidalgo, donde el Gobernador Silvano Aureoles Conejo entreg\u00f3 equipo.<\/p>\n<p>&nbsp;<\/p>\n<p>Los alumnos pr\u00f3ximos a egresar del sexto semestre en el mes de julio de las especialidades con las que cuenta el subsistema, obtendr\u00e1n un t\u00edtulo y c\u00e9dula profesional, y podr\u00e1n continuar con su preparaci\u00f3n profesional en las universidades e institutos tecnol\u00f3gicos a su elecci\u00f3n.<\/p>\n<p>&nbsp;<\/p>\n<p>Sobre los requisitos para la solicitud de nuevo ingreso, los interesados deber\u00e1n asistir a Control Escolar del plantel de su elecci\u00f3n con dos fotograf\u00edas tama\u00f1o infantil y llenar la solicitud correspondiente.<\/p>\n","protected":false},"excerpt":{"rendered":"<p>&nbsp; Morelia, Michoac\u00e1n, a 30 de mayo de 2017.-\u00a0El Colegio de Estudios Cient\u00edficos y Tecnol\u00f3gicos del Estado de Michoac\u00e1n (CECyTEM) ofrece la especialidad en Electr\u00f3nica en cinco de sus planteles para los estudiantes pr\u00f3ximos a egresar de la secundaria y que deseen cursar esta especialidad en Morelia, Pur\u00e9pero, Perib\u00e1n, San Lucas y Panind\u00edcuaro. &nbsp; As\u00ed [&hellip;]<\/p>\n","protected":false},"author":2,"featured_media":36852,"comment_status":"closed","ping_status":"closed","sticky":false,"template":"","format":"standard","meta":{"footnotes":""},"categories":[14,3],"tags":[],"class_list":["post-36851","post","type-post","status-publish","format-standard","has-post-thumbnail","hentry","category-destacadas","category-gobierno-del-estado-de-michoacan"],"_links":{"self":[{"href":"https:\/\/radiowebmx.com\/nota\/wp-json\/wp\/v2\/posts\/36851","targetHints":{"allow":["GET"]}}],"collection":[{"href":"https:\/\/radiowebmx.com\/nota\/wp-json\/wp\/v2\/posts"}],"about":[{"href":"https:\/\/radiowebmx.com\/nota\/wp-json\/wp\/v2\/types\/post"}],"author":[{"embeddable":true,"href":"https:\/\/radiowebmx.com\/nota\/wp-json\/wp\/v2\/users\/2"}],"replies":[{"embeddable":true,"href":"https:\/\/radiowebmx.com\/nota\/wp-json\/wp\/v2\/comments?post=36851"}],"version-history":[{"count":1,"href":"https:\/\/radiowebmx.com\/nota\/wp-json\/wp\/v2\/posts\/36851\/revisions"}],"predecessor-version":[{"id":36853,"href":"https:\/\/radiowebmx.com\/nota\/wp-json\/wp\/v2\/posts\/36851\/revisions\/36853"}],"wp:featuredmedia":[{"embeddable":true,"href":"https:\/\/radiowebmx.com\/nota\/wp-json\/wp\/v2\/media\/36852"}],"wp:attachment":[{"href":"https:\/\/radiowebmx.com\/nota\/wp-json\/wp\/v2\/media?parent=36851"}],"wp:term":[{"taxonomy":"category","embeddable":true,"href":"https:\/\/radiowebmx.com\/nota\/wp-json\/wp\/v2\/categories?post=36851"},{"taxonomy":"post_tag","embeddable":true,"href":"https:\/\/radiowebmx.com\/nota\/wp-json\/wp\/v2\/tags?post=36851"}],"curies":[{"name":"wp","href":"https:\/\/api.w.org\/{rel}","templated":true}]}}