{"id":36848,"date":"2017-05-30T13:25:56","date_gmt":"2017-05-30T18:25:56","guid":{"rendered":"https:\/\/radiowebmx.com\/nota\/?p=36848"},"modified":"2017-05-30T15:17:29","modified_gmt":"2017-05-30T20:17:29","slug":"revisa-gcm-creacion-de-la-fiscalia-especializada-en-la-atencion-a-delitos-contra-periodistas","status":"publish","type":"post","link":"https:\/\/radiowebmx.com\/nota\/revisa-gcm-creacion-de-la-fiscalia-especializada-en-la-atencion-a-delitos-contra-periodistas\/","title":{"rendered":"Revisa GCM creaci\u00f3n de la fiscal\u00eda especializada en la atenci\u00f3n a delitos contra periodistas"},"content":{"rendered":"<ul>\n<li>En el marco de la reuni\u00f3n semanal del Grupo de Coordinaci\u00f3n Michoac\u00e1n, el Gobernador Silvano Aureoles pide a autoridades estatales y federales unir esfuerzos para dar mayores garant\u00edas al gremio period\u00edstico.<\/li>\n<\/ul>\n<p><a href=\"https:\/\/radiowebmx.com\/nota\/wp-content\/uploads\/2017\/05\/648c05c0-cbe5-4f86-9566-a48d68a0a5ea.jpeg\"><img loading=\"lazy\" decoding=\"async\" class=\"alignnone size-medium wp-image-36849\" src=\"https:\/\/radiowebmx.com\/nota\/wp-content\/uploads\/2017\/05\/648c05c0-cbe5-4f86-9566-a48d68a0a5ea-595x396.jpeg\" alt=\"\" width=\"595\" height=\"396\" srcset=\"https:\/\/radiowebmx.com\/nota\/wp-content\/uploads\/2017\/05\/648c05c0-cbe5-4f86-9566-a48d68a0a5ea-595x396.jpeg 595w, https:\/\/radiowebmx.com\/nota\/wp-content\/uploads\/2017\/05\/648c05c0-cbe5-4f86-9566-a48d68a0a5ea.jpeg 709w\" sizes=\"auto, (max-width: 595px) 100vw, 595px\" \/><\/a><br \/>\n<strong>Morelia, Michoac\u00e1n, a 30 de mayo de 2017.-<\/strong> Este martes el Gobernador Constitucional Silvano Aureoles Conejo, presidi\u00f3 la reuni\u00f3n del Grupo de Coordinaci\u00f3n Michoac\u00e1n (GCM) donde, en seguimiento al compromiso que estableci\u00f3 con el gremio period\u00edstico, se analizaron los marcos legales para la creaci\u00f3n de una Fiscal\u00eda Especializada en atenci\u00f3n de delitos contra periodistas y defensores de derechos humanos.<\/p>\n<p>&nbsp;<\/p>\n<p>En el mismo tenor, se analizaron los protocolos para salvaguardar la integridad de los periodistas y las facultades que debe tener la Fiscal\u00eda en cuesti\u00f3n, para garantizar una procuraci\u00f3n de justicia eficaz y oportuna.<\/p>\n<p>&nbsp;<\/p>\n<p>Ante ello, el mandatario Aureoles Conejo pidi\u00f3 a las autoridades estatales y federales que conforman el GCM, unir esfuerzos para dar mayores garant\u00edas en el ejercicio pleno del derecho a la libertad de expresi\u00f3n.<\/p>\n<p>&nbsp;<\/p>\n<p>Por otra parte, las y los integrantes del Grupo, coincidieron en se\u00f1alar que la estrategia conjunta por la legalidad, Estado de Derecho y tranquilidad, no debe interrumpirse, ya que ha permitido llevar a cabo operativos de precisi\u00f3n con los que se ha detenido a imputados en delitos de alto impacto como el asesinato del padre de una diputada local, el ataque al director de seguridad p\u00fablica de Ziracuaretiro, y la colocaci\u00f3n de artefactos explosivos en La Piedad.<\/p>\n<p>&nbsp;<\/p>\n<p>\u201cHemos mostrado fuerza y capacidad de reacci\u00f3n para afirmar que no se permitir\u00e1 que hechos que lastiman a la sociedad o atentan contra ella, queden impunes\u201d, asever\u00f3 el Gobernador.<\/p>\n<p>&nbsp;<\/p>\n<p>En esta reuni\u00f3n estuvieron presentes el comandante de la XII Regi\u00f3n Militar, general Miguel \u00c1ngel Pati\u00f1o Canchola; los secretarios de Gobierno y Seguridad P\u00fablica, Adri\u00e1n L\u00f3pez Sol\u00eds y Juan Bernardo Corona Mart\u00ednez, respectivamente; el procurador general de Justicia, Jos\u00e9 Mart\u00edn Godoy Castro y la delegada en la entidad de la PGR, Bertha Paredes Gardu\u00f1o.<\/p>\n<p>&nbsp;<\/p>\n<p>As\u00ed como los comandantes de la 21 y 43 Zonas Militares, general Jos\u00e9 Francisco Morales C\u00e1zares y general Cruz Isaac Mu\u00f1oz Navarro; el coordinador estatal de Polic\u00eda Federal, Israel Galv\u00e1n Jaime; el delegado del CISEN, Fernando Castro Miranda, por mencionar algunos.<\/p>\n","protected":false},"excerpt":{"rendered":"<p>En el marco de la reuni\u00f3n semanal del Grupo de Coordinaci\u00f3n Michoac\u00e1n, el Gobernador Silvano Aureoles pide a autoridades estatales y federales unir esfuerzos para dar mayores garant\u00edas al gremio period\u00edstico. Morelia, Michoac\u00e1n, a 30 de mayo de 2017.- Este martes el Gobernador Constitucional Silvano Aureoles Conejo, presidi\u00f3 la reuni\u00f3n del Grupo de Coordinaci\u00f3n Michoac\u00e1n [&hellip;]<\/p>\n","protected":false},"author":2,"featured_media":36849,"comment_status":"closed","ping_status":"closed","sticky":false,"template":"","format":"standard","meta":{"footnotes":""},"categories":[14,3],"tags":[],"class_list":["post-36848","post","type-post","status-publish","format-standard","has-post-thumbnail","hentry","category-destacadas","category-gobierno-del-estado-de-michoacan"],"_links":{"self":[{"href":"https:\/\/radiowebmx.com\/nota\/wp-json\/wp\/v2\/posts\/36848","targetHints":{"allow":["GET"]}}],"collection":[{"href":"https:\/\/radiowebmx.com\/nota\/wp-json\/wp\/v2\/posts"}],"about":[{"href":"https:\/\/radiowebmx.com\/nota\/wp-json\/wp\/v2\/types\/post"}],"author":[{"embeddable":true,"href":"https:\/\/radiowebmx.com\/nota\/wp-json\/wp\/v2\/users\/2"}],"replies":[{"embeddable":true,"href":"https:\/\/radiowebmx.com\/nota\/wp-json\/wp\/v2\/comments?post=36848"}],"version-history":[{"count":1,"href":"https:\/\/radiowebmx.com\/nota\/wp-json\/wp\/v2\/posts\/36848\/revisions"}],"predecessor-version":[{"id":36850,"href":"https:\/\/radiowebmx.com\/nota\/wp-json\/wp\/v2\/posts\/36848\/revisions\/36850"}],"wp:featuredmedia":[{"embeddable":true,"href":"https:\/\/radiowebmx.com\/nota\/wp-json\/wp\/v2\/media\/36849"}],"wp:attachment":[{"href":"https:\/\/radiowebmx.com\/nota\/wp-json\/wp\/v2\/media?parent=36848"}],"wp:term":[{"taxonomy":"category","embeddable":true,"href":"https:\/\/radiowebmx.com\/nota\/wp-json\/wp\/v2\/categories?post=36848"},{"taxonomy":"post_tag","embeddable":true,"href":"https:\/\/radiowebmx.com\/nota\/wp-json\/wp\/v2\/tags?post=36848"}],"curies":[{"name":"wp","href":"https:\/\/api.w.org\/{rel}","templated":true}]}}