{"id":36840,"date":"2017-05-30T11:57:54","date_gmt":"2017-05-30T16:57:54","guid":{"rendered":"https:\/\/radiowebmx.com\/nota\/?p=36840"},"modified":"2017-05-30T11:57:54","modified_gmt":"2017-05-30T16:57:54","slug":"congreso-comprometido-con-mejorar-la-calidad-y-eficiencia-de-servicios-de-salud-jaime-hinojosa-campa","status":"publish","type":"post","link":"https:\/\/radiowebmx.com\/nota\/congreso-comprometido-con-mejorar-la-calidad-y-eficiencia-de-servicios-de-salud-jaime-hinojosa-campa\/","title":{"rendered":"Congreso comprometido con mejorar la calidad y eficiencia de servicios de salud: Jaime Hinojosa Campa"},"content":{"rendered":"<p class=\"x_MsoNormal\"><a href=\"https:\/\/radiowebmx.com\/nota\/wp-content\/uploads\/2017\/05\/Comunicado-748-1.jpg\"><img loading=\"lazy\" decoding=\"async\" class=\"alignnone size-medium wp-image-36841\" src=\"https:\/\/radiowebmx.com\/nota\/wp-content\/uploads\/2017\/05\/Comunicado-748-1-595x396.jpg\" alt=\"\" width=\"595\" height=\"396\" srcset=\"https:\/\/radiowebmx.com\/nota\/wp-content\/uploads\/2017\/05\/Comunicado-748-1-595x396.jpg 595w, https:\/\/radiowebmx.com\/nota\/wp-content\/uploads\/2017\/05\/Comunicado-748-1.jpg 709w\" sizes=\"auto, (max-width: 595px) 100vw, 595px\" \/><\/a><\/p>\n<p class=\"x_MsoNormal\">\n<p class=\"x_MsoNormal\"><b>Morelia; Michoac\u00e1n, 29 de mayo de 2017.-<\/b> \u00a0\u00a0Para las y los diputados del PRD es una prioridad la defensa de los derechos fundamentales para los michoacanos, por ello, dentro de la agenda del Grupo Parlamentario del Partido de la Revoluci\u00f3n Democr\u00e1tica se impulsan acciones\u00a0\u00a0\u00a0legislativas para contribuir a mejorar la calidad y eficiencia en los servicios de salud, mediante marcos normativos adecuados y claros, afirm\u00f3 el presidente de la Comisi\u00f3n de Salud y Asistencia Social de la LXXIII Legislatura local, Jos\u00e9 Jaime Hinojosa Campa.<\/p>\n<p class=\"x_MsoNormal\">El diputado por el Distrito de Maravat\u00edo, destac\u00f3 que los diputados que integran la bancada del PRD han promovido propuestas para fortalecer al sector salud en pro de que los ciudadanos tengan una mejor calidad de vida y si bien, el derecho a la salud est\u00e1 consagrado en la Constituci\u00f3n Pol\u00edtica de los Estados Unidos Mexicanos, se han promovido propuestas para atender las demandas de los michoacanos, mismas que contribuyen a reforzar las pol\u00edticas p\u00fablicas que se implementan en la entidad en la materia.<\/p>\n<p class=\"x_MsoNormal\">\n<p class=\"x_MsoNormal\">En ese sentido, a\u00f1adi\u00f3 la importancia de adecuar las leyes hasta donde sea necesario para garantizar la calidad y eficiencia en los servicios de salud que se presten a la poblaci\u00f3n del Estado, para dar cumplimiento al mandato establecido en el art\u00edculo cuarto de la Constituci\u00f3n General de la Rep\u00fablica.<\/p>\n<p class=\"x_MsoNormal\">\n<p class=\"x_MsoNormal\">Reiter\u00f3 que uno de esos factores indispensables para el bienestar de la poblaci\u00f3n es la salud, pues sin la atenci\u00f3n y los cuidados necesarios la integridad de las personas merma y sus capacidades para desarrollarse se ven limitadas.<\/p>\n<p class=\"x_MsoNormal\">\n<p class=\"x_MsoNormal\">\u201cPor ello, en la LXXIII Legislatura local se han impulsado instrumentos que permitan hacer llegar los servicios de salud a m\u00e1s poblaciones, abriendo la posibilidad simult\u00e1neamente de la autogeneraci\u00f3n de fuentes de empleo, promover servicios con mayor calidad profesional y contar con mejores instalaciones\u201d.<\/p>\n<p class=\"x_MsoNormal\">\n<p class=\"x_MsoNormal\">Un tema que preocupa y en el que reconoci\u00f3 se han hecho esfuerzos importantes por la administraci\u00f3n estatal es lo referente el abastecimiento insuficiente de medicamentos y material m\u00e9dico necesario para que los centros de salud, hospitales y cl\u00ednicas brinden una mejor atenci\u00f3n, lo cual afirm\u00f3 se ha ido mejorando con la llegada del nuevo titular de la Secretar\u00eda de Salud en Michoac\u00e1n, El\u00edas Ibarra quien est\u00e1 recorriendo los distintos municipios para atender de manera personal las demandas de los ciudadanos, lo cual calific\u00f3 como positivo.<\/p>\n<p class=\"x_MsoNormal\">Desde la Comisi\u00f3n que preside, agreg\u00f3, se tiene la premisa de la salud como un derecho humano, \u201cesto implica entre otras cosas garantizar la salud\u00a0 gratuita de los adultos mayores, grupos vulnerables y mujeres embarazadas, lo que se puede lograr con los programas p\u00fablicos destinados al establecimiento de centros de salud comunitarios y dispensarios m\u00e9dicos\u201d.<\/p>\n<p class=\"x_MsoNormal\">\n<p class=\"x_MsoNormal\">En ese sentido, record\u00f3 que la diputada Belinda Iturbide present\u00f3 al pleno una propuesta de reforma para garantizar el derecho a la salud, adem\u00e1s de que su compa\u00f1era de bancada Nalleli Pedraza Huerta ha presentado tambi\u00e9n iniciativas en pro de los adultos mayores y mujeres.<\/p>\n<p class=\"x_MsoNormal\">\n<p class=\"x_MsoNormal\">Aunado a las acciones legislativas, consider\u00f3 que en Michoac\u00e1n se est\u00e1n haciendo los esfuerzos que se requieren para mejorar los servicios de salud, con programas sustanciales para el desarrollo y atenci\u00f3n de los ciudadanos, como lo es el llamado M\u00e9dico en Tu Casa, mediante el cual se est\u00e1n acercando los servicios a las zonas m\u00e1s alejadas.<\/p>\n<p class=\"x_MsoNormal\">\n<p class=\"x_MsoNormal\">Finalmente record\u00f3 que otro tema en el que la bancada del PRD en el Poder Legislativo se ha pronunciado, es referente a que la salud es condici\u00f3n indispensable para el desarrollo pleno de las y los michoacanos y en donde su compa\u00f1ero el diputado Ra\u00fal Prieto G\u00f3mez promovi\u00f3 exhort\u00f3 para que se lleven a cabo la instrumentaci\u00f3n del Programa Estatal para la Prevenci\u00f3n, Atenci\u00f3n y Tratamiento Integral del Sobrepeso, la Obesidad y Trastornos de la Conducta Alimentaria, como lo establece la Ley para la Prevenci\u00f3n, Atenci\u00f3n y Tratamiento Integral del Sobrepeso, la Obesidad y Trastornos de la Conducta Alimentaria para el Estado de Michoac\u00e1n; tema en el que celebr\u00f3, se est\u00e9n impulsando programas por parte de la administraci\u00f3n estatal, para atender este problema en ni\u00f1os y adultos.<\/p>\n","protected":false},"excerpt":{"rendered":"<p>Morelia; Michoac\u00e1n, 29 de mayo de 2017.- \u00a0\u00a0Para las y los diputados del PRD es una prioridad la defensa de los derechos fundamentales para los michoacanos, por ello, dentro de la agenda del Grupo Parlamentario del Partido de la Revoluci\u00f3n Democr\u00e1tica se impulsan acciones\u00a0\u00a0\u00a0legislativas para contribuir a mejorar la calidad y eficiencia en los servicios [&hellip;]<\/p>\n","protected":false},"author":2,"featured_media":36841,"comment_status":"closed","ping_status":"closed","sticky":false,"template":"","format":"standard","meta":{"footnotes":""},"categories":[6,14,19],"tags":[],"class_list":["post-36840","post","type-post","status-publish","format-standard","has-post-thumbnail","hentry","category-congreso-del-estado","category-destacadas","category-grupo-parlamentario-del-prd"],"_links":{"self":[{"href":"https:\/\/radiowebmx.com\/nota\/wp-json\/wp\/v2\/posts\/36840","targetHints":{"allow":["GET"]}}],"collection":[{"href":"https:\/\/radiowebmx.com\/nota\/wp-json\/wp\/v2\/posts"}],"about":[{"href":"https:\/\/radiowebmx.com\/nota\/wp-json\/wp\/v2\/types\/post"}],"author":[{"embeddable":true,"href":"https:\/\/radiowebmx.com\/nota\/wp-json\/wp\/v2\/users\/2"}],"replies":[{"embeddable":true,"href":"https:\/\/radiowebmx.com\/nota\/wp-json\/wp\/v2\/comments?post=36840"}],"version-history":[{"count":1,"href":"https:\/\/radiowebmx.com\/nota\/wp-json\/wp\/v2\/posts\/36840\/revisions"}],"predecessor-version":[{"id":36842,"href":"https:\/\/radiowebmx.com\/nota\/wp-json\/wp\/v2\/posts\/36840\/revisions\/36842"}],"wp:featuredmedia":[{"embeddable":true,"href":"https:\/\/radiowebmx.com\/nota\/wp-json\/wp\/v2\/media\/36841"}],"wp:attachment":[{"href":"https:\/\/radiowebmx.com\/nota\/wp-json\/wp\/v2\/media?parent=36840"}],"wp:term":[{"taxonomy":"category","embeddable":true,"href":"https:\/\/radiowebmx.com\/nota\/wp-json\/wp\/v2\/categories?post=36840"},{"taxonomy":"post_tag","embeddable":true,"href":"https:\/\/radiowebmx.com\/nota\/wp-json\/wp\/v2\/tags?post=36840"}],"curies":[{"name":"wp","href":"https:\/\/api.w.org\/{rel}","templated":true}]}}