{"id":36837,"date":"2017-05-30T11:55:18","date_gmt":"2017-05-30T16:55:18","guid":{"rendered":"https:\/\/radiowebmx.com\/nota\/?p=36837"},"modified":"2017-05-30T11:55:18","modified_gmt":"2017-05-30T16:55:18","slug":"quinto-parlamento-juvenil-oportunidad-para-debatir-e-incidir-en-agenda-legislativa-wilfrido-lazaro","status":"publish","type":"post","link":"https:\/\/radiowebmx.com\/nota\/quinto-parlamento-juvenil-oportunidad-para-debatir-e-incidir-en-agenda-legislativa-wilfrido-lazaro\/","title":{"rendered":"Quinto Parlamento Juvenil, oportunidad para debatir e incidir en Agenda Legislativa: Wilfrido L\u00e1zaro"},"content":{"rendered":"<p class=\"x_gmail-MsoNoSpacing\"><i>El diputado anunci\u00f3 la apertura de la convocatoria en la que los j\u00f3venes podr\u00e1n participar\u00a0 a trav\u00e9s de Iniciativas o Proyectos Sociales<\/i><\/p>\n<p class=\"x_gmail-MsoNoSpacing\"><b>\u00a0<\/b><\/p>\n<p class=\"x_gmail-MsoNoSpacing\"><a href=\"https:\/\/radiowebmx.com\/nota\/wp-content\/uploads\/2017\/05\/Comunicado-753-2.jpg\"><img loading=\"lazy\" decoding=\"async\" class=\"alignnone size-medium wp-image-36838\" src=\"https:\/\/radiowebmx.com\/nota\/wp-content\/uploads\/2017\/05\/Comunicado-753-2-595x396.jpg\" alt=\"\" width=\"595\" height=\"396\" srcset=\"https:\/\/radiowebmx.com\/nota\/wp-content\/uploads\/2017\/05\/Comunicado-753-2-595x396.jpg 595w, https:\/\/radiowebmx.com\/nota\/wp-content\/uploads\/2017\/05\/Comunicado-753-2.jpg 709w\" sizes=\"auto, (max-width: 595px) 100vw, 595px\" \/><\/a><\/p>\n<p class=\"x_gmail-MsoNoSpacing\"><b>Morelia, Michoac\u00e1n, 30 de Mayo de 2017.- <\/b>Dar espacio y voz para que los j\u00f3venes se expresen e incidan en la agenda legislativa, es el eje central de la convocatoria al Quinto Parlamento Juvenil que fue publicada este lunes, afirm\u00f3 el diputado del PRI, Wilfrido L\u00e1zaro Medina, Presidente del Comit\u00e9 Organizador de este evento que tendr\u00e1 verificativo del d\u00eda 30 de agosto al 1 de septiembre del 2017, en las instalaciones del Congreso del Estado.<\/p>\n<p class=\"x_gmail-MsoNoSpacing\">El diputado local destac\u00f3 que el objetivo de esta convocatoria es generar un espacio de expresi\u00f3n y deliberaci\u00f3n de ideas. El Congreso del Estado abre este espacio de participaci\u00f3n, discusi\u00f3n, debate, an\u00e1lisis y propuesta, para que los j\u00f3venes michoacanos se entusiasmen y sean escuchados y que sus propuestas puedan ser tomadas en cuenta por los legisladores para que se traduzcan en leyes y ordenamientos que promuevan el desarrollo de Michoac\u00e1n y generen mayores oportunidades de desarrollo para ellos y los suyos, dijo el diputado.<\/p>\n<p class=\"x_gmail-MsoNoSpacing\">\u00a0Expuso que los j\u00f3venes podr\u00e1n presentar iniciativas y proyectos sociales, para que participen en la selecci\u00f3n de quienes habr\u00e1n de integrar el Quinto Parlamento. Los contenidos explic\u00f3, se deben dirigir a los temas de Desarrollo Social y Econ\u00f3mico; Medio Ambiente y Desarrollo Sustentable; Salud y Educaci\u00f3n; Migraci\u00f3n, Grupos Vulnerables e Ind\u00edgenas;\u00a0 Seguridad P\u00fablica y Cultura de la Paz y Participaci\u00f3n Ciudadana.<\/p>\n<p class=\"x_gmail-MsoNoSpacing\">L\u00e1zaro Medina, detall\u00f3 que existen dos modalidades para participar y\u00a0 una de ellas consistente en selecci\u00f3n por iniciativa, en esta categor\u00eda se deber\u00e1 elaborar una propuesta de ley, mediante la cual se proponga un nuevo marco jur\u00eddico o reformas a uno existente en el \u00e1mbito estatal, que conlleve un impacto social, preferentemente al sector de la juventud.<\/p>\n<p class=\"x_gmail-MsoNoSpacing\">Una segunda categor\u00eda es la selecci\u00f3n por Proyecto Social, que consiste en que los j\u00f3venes que participen por esta opci\u00f3n, presentar\u00e1n una propuesta, que deber\u00e1 ser creativa, innovadora y autosustentable, que pretenda resolver alg\u00fan problema de su municipio o del Estado, que propicie el bienestar econ\u00f3mico y social, y contribuya a la disminuci\u00f3n de la marginaci\u00f3n no necesariamente relacionado con la generaci\u00f3n de un marco legal sino dirigido a la propuesta de pol\u00edticas p\u00fablicas.<\/p>\n<p class=\"x_gmail-MsoNoSpacing\">El legislador tricolor inform\u00f3 que el registro de la inscripci\u00f3n y la entrega de los documentos se podr\u00e1 realizar de manera presencial en un horario de 9:00 a 15:00 horas, de lunes a viernes, en las instalaciones del Instituto de Investigaciones y Estudios Legislativos del Congreso del Estado de Michoac\u00e1n de Ocampo, Av. Morelos Norte No. 82, esquina con Aquiles Serd\u00e1n, o de manera electr\u00f3nica al correo:<a href=\"mailto:5parlamentojuvenil@gmail.com\" target=\"_blank\" rel=\"noopener noreferrer\">5parlamentojuvenil@gmail.com<\/a><\/p>\n<p class=\"x_gmail-MsoNoSpacing\">\u201cLo que m\u00e1s nos importa a los legisladores es generar confianza en los j\u00f3venes hombres y mujeres para que expresen sus ideas para mejorar nuestro Estado de Michoac\u00e1n, \u201cqueremos que participen &#8220;, finaliz\u00f3.<\/p>\n<p class=\"x_gmail-MsoNoSpacing\">\n","protected":false},"excerpt":{"rendered":"<p>El diputado anunci\u00f3 la apertura de la convocatoria en la que los j\u00f3venes podr\u00e1n participar\u00a0 a trav\u00e9s de Iniciativas o Proyectos Sociales \u00a0 Morelia, Michoac\u00e1n, 30 de Mayo de 2017.- Dar espacio y voz para que los j\u00f3venes se expresen e incidan en la agenda legislativa, es el eje central de la convocatoria al Quinto [&hellip;]<\/p>\n","protected":false},"author":2,"featured_media":36838,"comment_status":"closed","ping_status":"closed","sticky":false,"template":"","format":"standard","meta":{"footnotes":""},"categories":[6,14,7],"tags":[],"class_list":["post-36837","post","type-post","status-publish","format-standard","has-post-thumbnail","hentry","category-congreso-del-estado","category-destacadas","category-grupo-parlamentario-del-pri"],"_links":{"self":[{"href":"https:\/\/radiowebmx.com\/nota\/wp-json\/wp\/v2\/posts\/36837","targetHints":{"allow":["GET"]}}],"collection":[{"href":"https:\/\/radiowebmx.com\/nota\/wp-json\/wp\/v2\/posts"}],"about":[{"href":"https:\/\/radiowebmx.com\/nota\/wp-json\/wp\/v2\/types\/post"}],"author":[{"embeddable":true,"href":"https:\/\/radiowebmx.com\/nota\/wp-json\/wp\/v2\/users\/2"}],"replies":[{"embeddable":true,"href":"https:\/\/radiowebmx.com\/nota\/wp-json\/wp\/v2\/comments?post=36837"}],"version-history":[{"count":1,"href":"https:\/\/radiowebmx.com\/nota\/wp-json\/wp\/v2\/posts\/36837\/revisions"}],"predecessor-version":[{"id":36839,"href":"https:\/\/radiowebmx.com\/nota\/wp-json\/wp\/v2\/posts\/36837\/revisions\/36839"}],"wp:featuredmedia":[{"embeddable":true,"href":"https:\/\/radiowebmx.com\/nota\/wp-json\/wp\/v2\/media\/36838"}],"wp:attachment":[{"href":"https:\/\/radiowebmx.com\/nota\/wp-json\/wp\/v2\/media?parent=36837"}],"wp:term":[{"taxonomy":"category","embeddable":true,"href":"https:\/\/radiowebmx.com\/nota\/wp-json\/wp\/v2\/categories?post=36837"},{"taxonomy":"post_tag","embeddable":true,"href":"https:\/\/radiowebmx.com\/nota\/wp-json\/wp\/v2\/tags?post=36837"}],"curies":[{"name":"wp","href":"https:\/\/api.w.org\/{rel}","templated":true}]}}