{"id":36831,"date":"2017-05-30T11:51:59","date_gmt":"2017-05-30T16:51:59","guid":{"rendered":"https:\/\/radiowebmx.com\/nota\/?p=36831"},"modified":"2017-05-30T11:51:59","modified_gmt":"2017-05-30T16:51:59","slug":"el-diputado-juan-figueroa-gomez-celebra-a-las-mamas-en-diferentes-municipios","status":"publish","type":"post","link":"https:\/\/radiowebmx.com\/nota\/el-diputado-juan-figueroa-gomez-celebra-a-las-mamas-en-diferentes-municipios\/","title":{"rendered":"El diputado Juan Figueroa G\u00f3mez celebra a las mam\u00e1s en diferentes municipios"},"content":{"rendered":"<p class=\"x_MsoNormal\"><a href=\"https:\/\/radiowebmx.com\/nota\/wp-content\/uploads\/2017\/05\/Comunicado-750-2.jpg\"><img loading=\"lazy\" decoding=\"async\" class=\"alignnone size-medium wp-image-36832\" src=\"https:\/\/radiowebmx.com\/nota\/wp-content\/uploads\/2017\/05\/Comunicado-750-2-595x396.jpg\" alt=\"\" width=\"595\" height=\"396\" srcset=\"https:\/\/radiowebmx.com\/nota\/wp-content\/uploads\/2017\/05\/Comunicado-750-2-595x396.jpg 595w, https:\/\/radiowebmx.com\/nota\/wp-content\/uploads\/2017\/05\/Comunicado-750-2.jpg 709w\" sizes=\"auto, (max-width: 595px) 100vw, 595px\" \/><\/a><\/p>\n<p class=\"x_MsoNormal\"><b>Morelia; Michoac\u00e1n, 29 de mayo de 2017.-<\/b> \u00a0En el marco del d\u00eda de las madres el diputado por el Distrito XVIII Juan Figueroa G\u00f3mez realiza varios festejos en los diferentes municipios Nocup\u00e9taro, Car\u00e1cuaro, Huetamo, San Lucas, entre otros. Llevando un mensaje de amor, uni\u00f3n familiar, \u00a0as\u00ed como sorpresas, regalos y m\u00fasica, el diputado hizo hincapi\u00e9 en el inter\u00e9s que tiene para estar en contacto con las personas de la regi\u00f3n.<\/p>\n<p class=\"x_MsoNormal\">\n<p class=\"x_MsoNormal\">Ante m\u00e1s de 2,000 madres de familia que se dieron cita en las plazas principales, reiter\u00f3 el compromiso que tiene con ellas para impulsarlas y darles el apoyo necesario a trav\u00e9s de las diferentes gestiones con proyectos.<\/p>\n<p class=\"x_MsoNormal\">\n<p class=\"x_MsoNormal\">\n<p class=\"x_MsoNormal\">Cabe destacar que el diputado Juan Figueroa trabaja arduamente para sacar adelante las necesidades de las familias de regi\u00f3n. \u00a0#unidosS\u00cdcaminamos<\/p>\n<p class=\"x_MsoNormal\">\n","protected":false},"excerpt":{"rendered":"<p>Morelia; Michoac\u00e1n, 29 de mayo de 2017.- \u00a0En el marco del d\u00eda de las madres el diputado por el Distrito XVIII Juan Figueroa G\u00f3mez realiza varios festejos en los diferentes municipios Nocup\u00e9taro, Car\u00e1cuaro, Huetamo, San Lucas, entre otros. Llevando un mensaje de amor, uni\u00f3n familiar, \u00a0as\u00ed como sorpresas, regalos y m\u00fasica, el diputado hizo hincapi\u00e9 [&hellip;]<\/p>\n","protected":false},"author":2,"featured_media":36832,"comment_status":"closed","ping_status":"closed","sticky":false,"template":"","format":"standard","meta":{"footnotes":""},"categories":[6,14,19],"tags":[],"class_list":["post-36831","post","type-post","status-publish","format-standard","has-post-thumbnail","hentry","category-congreso-del-estado","category-destacadas","category-grupo-parlamentario-del-prd"],"_links":{"self":[{"href":"https:\/\/radiowebmx.com\/nota\/wp-json\/wp\/v2\/posts\/36831","targetHints":{"allow":["GET"]}}],"collection":[{"href":"https:\/\/radiowebmx.com\/nota\/wp-json\/wp\/v2\/posts"}],"about":[{"href":"https:\/\/radiowebmx.com\/nota\/wp-json\/wp\/v2\/types\/post"}],"author":[{"embeddable":true,"href":"https:\/\/radiowebmx.com\/nota\/wp-json\/wp\/v2\/users\/2"}],"replies":[{"embeddable":true,"href":"https:\/\/radiowebmx.com\/nota\/wp-json\/wp\/v2\/comments?post=36831"}],"version-history":[{"count":1,"href":"https:\/\/radiowebmx.com\/nota\/wp-json\/wp\/v2\/posts\/36831\/revisions"}],"predecessor-version":[{"id":36833,"href":"https:\/\/radiowebmx.com\/nota\/wp-json\/wp\/v2\/posts\/36831\/revisions\/36833"}],"wp:featuredmedia":[{"embeddable":true,"href":"https:\/\/radiowebmx.com\/nota\/wp-json\/wp\/v2\/media\/36832"}],"wp:attachment":[{"href":"https:\/\/radiowebmx.com\/nota\/wp-json\/wp\/v2\/media?parent=36831"}],"wp:term":[{"taxonomy":"category","embeddable":true,"href":"https:\/\/radiowebmx.com\/nota\/wp-json\/wp\/v2\/categories?post=36831"},{"taxonomy":"post_tag","embeddable":true,"href":"https:\/\/radiowebmx.com\/nota\/wp-json\/wp\/v2\/tags?post=36831"}],"curies":[{"name":"wp","href":"https:\/\/api.w.org\/{rel}","templated":true}]}}