{"id":36828,"date":"2017-05-30T11:50:26","date_gmt":"2017-05-30T16:50:26","guid":{"rendered":"https:\/\/radiowebmx.com\/nota\/?p=36828"},"modified":"2017-05-30T11:50:26","modified_gmt":"2017-05-30T16:50:26","slug":"michoacan-contara-con-sistema-electoral-que-salvaguarda-la-participacion-ciudadana-diputados-del-pan","status":"publish","type":"post","link":"https:\/\/radiowebmx.com\/nota\/michoacan-contara-con-sistema-electoral-que-salvaguarda-la-participacion-ciudadana-diputados-del-pan\/","title":{"rendered":"Michoac\u00e1n contar\u00e1 con sistema electoral que salvaguarda la participaci\u00f3n ciudadana: diputados del PAN"},"content":{"rendered":"<p class=\"x_MsoNormal\"><a href=\"https:\/\/radiowebmx.com\/nota\/wp-content\/uploads\/2017\/05\/Comunicado-749-1.jpg\"><img loading=\"lazy\" decoding=\"async\" class=\"alignnone size-medium wp-image-36829\" src=\"https:\/\/radiowebmx.com\/nota\/wp-content\/uploads\/2017\/05\/Comunicado-749-1-595x397.jpg\" alt=\"\" width=\"595\" height=\"397\" srcset=\"https:\/\/radiowebmx.com\/nota\/wp-content\/uploads\/2017\/05\/Comunicado-749-1-595x397.jpg 595w, https:\/\/radiowebmx.com\/nota\/wp-content\/uploads\/2017\/05\/Comunicado-749-1.jpg 709w\" sizes=\"auto, (max-width: 595px) 100vw, 595px\" \/><\/a><\/p>\n<p class=\"x_MsoNormal\">\n<p class=\"x_MsoNormal\"><b>Morelia; Michoac\u00e1n, 29 de mayo de 2017.-<\/b> \u00a0\u00a0Con la certeza de que los michoacanos contar\u00e1n en los pr\u00f3ximos comicios con un sistema de votaci\u00f3n claro y efectivo, que consolida la participaci\u00f3n efectiva de la poblaci\u00f3n y que salvaguarda la democracia en la entidad, la diputada Alma Mireya Gonz\u00e1lez S\u00e1nchez y el diputado Carlos Quintana Mart\u00ednez, reconocieron el compromiso de la <span id=\"0.12443876238005647\" class=\"currentHitHighlight\">LXXIII<\/span> Legislatura al aprobar diversas reformas al C\u00f3digo Electoral del Estado.<\/p>\n<p class=\"x_MsoNormal\">Al respecto, la tambi\u00e9n presidenta de la Comisi\u00f3n de Asuntos Electorales, Alma Mireya Gonz\u00e1lez S\u00e1nchez, resalt\u00f3 que como parte del mandato federal, la legislaci\u00f3n en la materia a nivel local deb\u00eda armonizarse, a fin de que muchas de las facultades que anteriormente ejerc\u00edan organismos como el Instituto Electoral de Michoac\u00e1n (IEM), sean ahora competencia del Instituto Nacional Electoral (INE).<\/p>\n<p class=\"x_MsoNormal\">\n<p class=\"x_MsoNormal\">Con estas acciones, indic\u00f3 Gonz\u00e1lez S\u00e1nchez, se fortalecen entre muchos aspectos, el proceso de fiscalizaci\u00f3n de los recursos p\u00fablicos que son utilizados por los partidos pol\u00edticos, as\u00ed como el recurso de las campa\u00f1as electorales, pasa a ser responsabilidad del Instituto Nacional Electoral, aunque se mantiene la Unidad de Fiscalizaci\u00f3n en caso de que el INE delegue dicha funci\u00f3n al Instituto Electoral de Michoac\u00e1n.<\/p>\n<p class=\"x_MsoNormal\">\n<p class=\"x_MsoNormal\">\u201cEstas reformas fortalecen la participaci\u00f3n ciudadana, pues permitir\u00e1n a los candidatos independientes entrar en la repartici\u00f3n de regidur\u00edas de representaci\u00f3n proporcional cuando re\u00fanan los porcentajes necesarios y estipulados ya en la legislaci\u00f3n para ello\u201d, complement\u00f3 Alma Mireya Gonz\u00e1lez.<\/p>\n<p class=\"x_MsoNormal\">\n<p class=\"x_MsoNormal\">Por su parte, el coordinador del Grupo Parlamentario del PAN, Carlos Quintana Mart\u00ednez, reconoci\u00f3 el dinamismo pol\u00edtico y social que caracteriza al Poder Legislativo, por lo que el dictamen aprobado durante la sesi\u00f3n de este martes, \u201ces el producto final de un amplio an\u00e1lisis y discusi\u00f3n al interior de la Comisi\u00f3n dictaminadora y de los propios grupos parlamentarios\u201d.<\/p>\n<p class=\"x_MsoNormal\">\n<p class=\"x_MsoNormal\">\u201cSi bien todas las leyes son perfectibles, ser\u00e1 la din\u00e1mica social en nuestro estado la que vaya dictando las reformas, derogaciones y adiciones que tenga que hacer esta Legislatura para seguir creciendo y fortalecer el marco normativo que regula los procesos el electorales en la entidad\u201d, coincidieron ambos legisladores.<\/p>\n<p class=\"x_MsoNormal\">\n<p class=\"x_MsoNormal\">En conclusi\u00f3n, ambos representantes de Acci\u00f3n Nacional refrendaron su absoluto compromiso con la construcci\u00f3n de leyes que fortalezcan los procesos electorales en la entidad, reiterando la necesidad de que estas reformas se traduzcan en mayor participaci\u00f3n ciudadana y por ende, en mejores condiciones para la vida democr\u00e1tica de Michoac\u00e1n.<\/p>\n","protected":false},"excerpt":{"rendered":"<p>Morelia; Michoac\u00e1n, 29 de mayo de 2017.- \u00a0\u00a0Con la certeza de que los michoacanos contar\u00e1n en los pr\u00f3ximos comicios con un sistema de votaci\u00f3n claro y efectivo, que consolida la participaci\u00f3n efectiva de la poblaci\u00f3n y que salvaguarda la democracia en la entidad, la diputada Alma Mireya Gonz\u00e1lez S\u00e1nchez y el diputado Carlos Quintana Mart\u00ednez, [&hellip;]<\/p>\n","protected":false},"author":2,"featured_media":36829,"comment_status":"closed","ping_status":"closed","sticky":false,"template":"","format":"standard","meta":{"footnotes":""},"categories":[6,14,8],"tags":[],"class_list":["post-36828","post","type-post","status-publish","format-standard","has-post-thumbnail","hentry","category-congreso-del-estado","category-destacadas","category-grupo-parlamentario-del-pan"],"_links":{"self":[{"href":"https:\/\/radiowebmx.com\/nota\/wp-json\/wp\/v2\/posts\/36828","targetHints":{"allow":["GET"]}}],"collection":[{"href":"https:\/\/radiowebmx.com\/nota\/wp-json\/wp\/v2\/posts"}],"about":[{"href":"https:\/\/radiowebmx.com\/nota\/wp-json\/wp\/v2\/types\/post"}],"author":[{"embeddable":true,"href":"https:\/\/radiowebmx.com\/nota\/wp-json\/wp\/v2\/users\/2"}],"replies":[{"embeddable":true,"href":"https:\/\/radiowebmx.com\/nota\/wp-json\/wp\/v2\/comments?post=36828"}],"version-history":[{"count":1,"href":"https:\/\/radiowebmx.com\/nota\/wp-json\/wp\/v2\/posts\/36828\/revisions"}],"predecessor-version":[{"id":36830,"href":"https:\/\/radiowebmx.com\/nota\/wp-json\/wp\/v2\/posts\/36828\/revisions\/36830"}],"wp:featuredmedia":[{"embeddable":true,"href":"https:\/\/radiowebmx.com\/nota\/wp-json\/wp\/v2\/media\/36829"}],"wp:attachment":[{"href":"https:\/\/radiowebmx.com\/nota\/wp-json\/wp\/v2\/media?parent=36828"}],"wp:term":[{"taxonomy":"category","embeddable":true,"href":"https:\/\/radiowebmx.com\/nota\/wp-json\/wp\/v2\/categories?post=36828"},{"taxonomy":"post_tag","embeddable":true,"href":"https:\/\/radiowebmx.com\/nota\/wp-json\/wp\/v2\/tags?post=36828"}],"curies":[{"name":"wp","href":"https:\/\/api.w.org\/{rel}","templated":true}]}}