{"id":36823,"date":"2017-05-27T13:10:14","date_gmt":"2017-05-27T18:10:14","guid":{"rendered":"https:\/\/radiowebmx.com\/nota\/?p=36823"},"modified":"2017-05-30T11:45:49","modified_gmt":"2017-05-30T16:45:49","slug":"involucrar-a-la-juventud-es-una-de-las-agendas-mas-nobles-de-la-administracion-municipal-yankel-benitez","status":"publish","type":"post","link":"https:\/\/radiowebmx.com\/nota\/involucrar-a-la-juventud-es-una-de-las-agendas-mas-nobles-de-la-administracion-municipal-yankel-benitez\/","title":{"rendered":"Involucrar a la juventud es una de las agendas m\u00e1s nobles de la Administraci\u00f3n Municipal: Yankel Ben\u00edtez"},"content":{"rendered":"<p><a href=\"https:\/\/radiowebmx.com\/nota\/wp-content\/uploads\/2017\/05\/e296e9b4-e114-417e-a043-512d0378541c.jpeg\"><img loading=\"lazy\" decoding=\"async\" class=\"alignnone size-medium wp-image-36824\" src=\"https:\/\/radiowebmx.com\/nota\/wp-content\/uploads\/2017\/05\/e296e9b4-e114-417e-a043-512d0378541c-595x396.jpeg\" alt=\"\" width=\"595\" height=\"396\" srcset=\"https:\/\/radiowebmx.com\/nota\/wp-content\/uploads\/2017\/05\/e296e9b4-e114-417e-a043-512d0378541c-595x396.jpeg 595w, https:\/\/radiowebmx.com\/nota\/wp-content\/uploads\/2017\/05\/e296e9b4-e114-417e-a043-512d0378541c.jpeg 709w\" sizes=\"auto, (max-width: 595px) 100vw, 595px\" \/><\/a><\/p>\n<p>&nbsp;<\/p>\n<p>Como parte de las actividades del segundo d\u00eda del \u201cHackathon 2017\u201d, esfuerzo universitario apoyado por el Gobierno Municipal que tiene como objetivo involucrar a la juventud en la creaci\u00f3n de estrategias de mejoramiento de la ciudad a trav\u00e9s de la tecnolog\u00eda, el Secretario de Administraci\u00f3n Municipal, Yankel Ben\u00edtez Silva, encabez\u00f3 este s\u00e1bado el arranque oficial del ciclo de conferencias que comprende de 4 tem\u00e1ticas diferentes como la Realidad Virtual y la gestaci\u00f3n de los sue\u00f1os.<\/p>\n<p>Acompa\u00f1ado por m\u00e1s de 100 j\u00f3venes participantes de diversas universidades locales como la Universidad Tecnol\u00f3gica de Morelia, la Universidad Michoacana de San Nicol\u00e1s de Hidalgo; adem\u00e1s de centros educativos de otros estados, Ben\u00edtez Silva se mostr\u00f3 complacido por la participaci\u00f3n juvenil y su iniciativa por involucrarse en asuntos de inter\u00e9s social a trav\u00e9s de la creaci\u00f3n de aplicaciones virtuales que abonen a establecer una mejor sociedad.<\/p>\n<p>\u201cEsta, creo yo, es una de las agendas m\u00e1s nobles que tenemos como autoridad municipal, la participaci\u00f3n de j\u00f3venes en acciones y en pol\u00edticas p\u00fablicas, para nosotros es un orgullo\u201d, dijo el funcionario municipal.<\/p>\n<p>Reconoci\u00f3 el tiempo invertido por los j\u00f3venes para la gestaci\u00f3n de diversas aplicaciones digitales que van de temas como la erradicaci\u00f3n de la Violencia Femenina, la seguridad, el cuidado animal hasta la creaci\u00f3n de una plataforma para la promoci\u00f3n laboral en empresas morelianas.<\/p>\n<p>El Secretario de Administraci\u00f3n reconoci\u00f3 en los involucrados en este evento como una generaci\u00f3n parteaguas en nuestra ciudad y concluy\u00f3 destacando el inter\u00e9s del Presidente Municipal de Morelia, Alfonso Mart\u00ednez Alc\u00e1zar por involucrar a la juventud en el mejoramiento de las condiciones generales de la capital michoacana.<\/p>\n<p>El segundo d\u00eda del \u201cHackathon 2017\u201d tendr\u00e1 un ciclo de 4 conferencias con m\u00e1s de 100 j\u00f3venes involucrados los cuales arrancaron la jornada escuchando la ponencia del conferencista Arturo Caro denominada \u00abel Manual de lo Imposible\u00bb.<\/p>\n","protected":false},"excerpt":{"rendered":"<p>&nbsp; Como parte de las actividades del segundo d\u00eda del \u201cHackathon 2017\u201d, esfuerzo universitario apoyado por el Gobierno Municipal que tiene como objetivo involucrar a la juventud en la creaci\u00f3n de estrategias de mejoramiento de la ciudad a trav\u00e9s de la tecnolog\u00eda, el Secretario de Administraci\u00f3n Municipal, Yankel Ben\u00edtez Silva, encabez\u00f3 este s\u00e1bado el arranque [&hellip;]<\/p>\n","protected":false},"author":2,"featured_media":36824,"comment_status":"closed","ping_status":"closed","sticky":false,"template":"","format":"standard","meta":{"footnotes":""},"categories":[14,3],"tags":[],"class_list":["post-36823","post","type-post","status-publish","format-standard","has-post-thumbnail","hentry","category-destacadas","category-gobierno-del-estado-de-michoacan"],"_links":{"self":[{"href":"https:\/\/radiowebmx.com\/nota\/wp-json\/wp\/v2\/posts\/36823","targetHints":{"allow":["GET"]}}],"collection":[{"href":"https:\/\/radiowebmx.com\/nota\/wp-json\/wp\/v2\/posts"}],"about":[{"href":"https:\/\/radiowebmx.com\/nota\/wp-json\/wp\/v2\/types\/post"}],"author":[{"embeddable":true,"href":"https:\/\/radiowebmx.com\/nota\/wp-json\/wp\/v2\/users\/2"}],"replies":[{"embeddable":true,"href":"https:\/\/radiowebmx.com\/nota\/wp-json\/wp\/v2\/comments?post=36823"}],"version-history":[{"count":1,"href":"https:\/\/radiowebmx.com\/nota\/wp-json\/wp\/v2\/posts\/36823\/revisions"}],"predecessor-version":[{"id":36825,"href":"https:\/\/radiowebmx.com\/nota\/wp-json\/wp\/v2\/posts\/36823\/revisions\/36825"}],"wp:featuredmedia":[{"embeddable":true,"href":"https:\/\/radiowebmx.com\/nota\/wp-json\/wp\/v2\/media\/36824"}],"wp:attachment":[{"href":"https:\/\/radiowebmx.com\/nota\/wp-json\/wp\/v2\/media?parent=36823"}],"wp:term":[{"taxonomy":"category","embeddable":true,"href":"https:\/\/radiowebmx.com\/nota\/wp-json\/wp\/v2\/categories?post=36823"},{"taxonomy":"post_tag","embeddable":true,"href":"https:\/\/radiowebmx.com\/nota\/wp-json\/wp\/v2\/tags?post=36823"}],"curies":[{"name":"wp","href":"https:\/\/api.w.org\/{rel}","templated":true}]}}