{"id":36820,"date":"2017-05-27T10:26:38","date_gmt":"2017-05-27T15:26:38","guid":{"rendered":"https:\/\/radiowebmx.com\/nota\/?p=36820"},"modified":"2017-05-30T11:43:50","modified_gmt":"2017-05-30T16:43:50","slug":"alfonso-martinez-sera-recordado-como-el-alcalde-que-si-cumplio-vecinos-de-la-colonia-socialista","status":"publish","type":"post","link":"https:\/\/radiowebmx.com\/nota\/alfonso-martinez-sera-recordado-como-el-alcalde-que-si-cumplio-vecinos-de-la-colonia-socialista\/","title":{"rendered":"&#8220;Alfonso Mart\u00ednez ser\u00e1 recordado como el Alcalde que s\u00ed cumpli\u00f3&#8221;: vecinos de la colonia Socialista"},"content":{"rendered":"<table class=\"x_mcnTextBlock\" border=\"0\" width=\"100%\" cellspacing=\"0\" cellpadding=\"0\">\n<tbody class=\"x_mcnTextBlockOuter\">\n<tr>\n<td class=\"x_mcnTextBlockInner\" valign=\"top\"><a href=\"https:\/\/radiowebmx.com\/nota\/wp-content\/uploads\/2017\/05\/04f71df8-3a99-419c-a4d4-3c868b0e3f26.jpeg\"><img loading=\"lazy\" decoding=\"async\" class=\"alignnone size-medium wp-image-36821\" src=\"https:\/\/radiowebmx.com\/nota\/wp-content\/uploads\/2017\/05\/04f71df8-3a99-419c-a4d4-3c868b0e3f26-595x396.jpeg\" alt=\"\" width=\"595\" height=\"396\" srcset=\"https:\/\/radiowebmx.com\/nota\/wp-content\/uploads\/2017\/05\/04f71df8-3a99-419c-a4d4-3c868b0e3f26-595x396.jpeg 595w, https:\/\/radiowebmx.com\/nota\/wp-content\/uploads\/2017\/05\/04f71df8-3a99-419c-a4d4-3c868b0e3f26.jpeg 709w\" sizes=\"auto, (max-width: 595px) 100vw, 595px\" \/><\/a><\/p>\n<table class=\"x_mcnTextContentContainer\" border=\"0\" width=\"100%\" cellspacing=\"0\" cellpadding=\"0\" align=\"left\">\n<tbody>\n<tr>\n<td class=\"x_mcnTextContent\" valign=\"top\">\n<div>\u201cDurante m\u00e1s de 20 a\u00f1os ninguna autoridad nos escuch\u00f3. candidatos a diputados y presidentes municipales han venido pero no regresan, pero, este viernes el Alcalde, Alfonso Mart\u00ednez, vino a conocer nuestras necesidades, dio un paso hacia adelante y por eso ser\u00e1 recordado como el Presidente que s\u00ed cumpli\u00f3\u201d, asegur\u00f3 la se\u00f1ora Mar\u00eda Teresa Herrej\u00f3n Jim\u00e9nez, representante de la colonia Socialista donde se llev\u00f3 a cabo una edici\u00f3n m\u00e1s del programa Presidente en tu Colonia.<\/p>\n<p>Frente al Jefe de la Comuna Moreliana, Alfonso Mart\u00ednez Alc\u00e1zar; el S\u00edndico Municipal, Fabio Sistos Rangel; la Regidora, Alma Rosa Bahena Villalobos, Secretarios del Ayuntamiento y Directores de las paramunicipales, la vecina de dicha demarcaci\u00f3n, reconoci\u00f3 que las necesidades de esta zona de la ciudad, pr\u00f3xima a la Tenencia Morelos, son muchas, pero se dijo confiada que con el respaldo de la Administraci\u00f3n estas podr\u00e1n resarcirse.<\/p>\n<p>\u201cHoy tenemos fiesta porque nos visita la esperanza, la esperanza del apoyo a nuestras necesidades y la posibilidad de que varias de ellas se vean subsanadas. En nuestro abandono, un rayo de luz nos acompa\u00f1a gracias a la disposici\u00f3n del Presidente\u201d, a\u00f1adi\u00f3.<\/p>\n<p>Al hacer uso de la voz, Mart\u00ednez Alc\u00e1zar, se comprometi\u00f3 a terminar poco a poco con el rezago por el que por muchos a\u00f1os se dej\u00f3 tanto a esta colonia como al resto de la ciudad; indic\u00f3 que no es una tarea sencilla, sin embargo, afirm\u00f3, el Gobierno Municipal est\u00e1 avanzando \u201cconforme puede y donde m\u00e1s se requiere\u201d.<\/p>\n<p>\u201cNosotros no nos estamos gastando el dinero en los viajes o comidas, estamos ahorrando donde m\u00e1s se puede para hacer m\u00e1s obra p\u00fablica, muestra de ello es que en 2015 se invirtieron cerca de 450 millones de pesos, mientras que en 2016 invertimos alrededor 700 millones de pesos, es decir casi el doble y eso es porque no estamos gastando en otras cosas el erario p\u00fablico sino en atender las verdaderas necesidades de la poblaci\u00f3n\u201d, refiri\u00f3.<\/p>\n<p>Alfonso Mart\u00ednez, a\u00f1adi\u00f3 que otro ejemplo del compromiso de la Adminstraci\u00f3n que encabeza por resolver las problem\u00e1ticas de los morelianos, es este programa que no \u201cse trata de un mitin pol\u00edtico, sino de venir a trabajar con ustedes; por eso no solo regres\u00e9 como me lo pidieron en campa\u00f1a, sino que traje a todo mi Gobierno para poderlos atender y escucharlos\u201d.<\/p>\n<p>Finalmente, indic\u00f3 que este es el sello del Gobierno Independiente, que trabaja por y para los ciudadanos.<\/p><\/div>\n<\/td>\n<\/tr>\n<\/tbody>\n<\/table>\n<\/td>\n<\/tr>\n<\/tbody>\n<\/table>\n<table class=\"x_mcnTextBlock\" border=\"0\" width=\"100%\" cellspacing=\"0\" cellpadding=\"0\">\n<tbody class=\"x_mcnTextBlockOuter\">\n<tr>\n<td class=\"x_mcnTextBlockInner\" valign=\"top\"><\/td>\n<\/tr>\n<\/tbody>\n<\/table>\n","protected":false},"excerpt":{"rendered":"<p>\u201cDurante m\u00e1s de 20 a\u00f1os ninguna autoridad nos escuch\u00f3. candidatos a diputados y presidentes municipales han venido pero no regresan, pero, este viernes el Alcalde, Alfonso Mart\u00ednez, vino a conocer nuestras necesidades, dio un paso hacia adelante y por eso ser\u00e1 recordado como el Presidente que s\u00ed cumpli\u00f3\u201d, asegur\u00f3 la se\u00f1ora Mar\u00eda Teresa Herrej\u00f3n Jim\u00e9nez, [&hellip;]<\/p>\n","protected":false},"author":2,"featured_media":36821,"comment_status":"closed","ping_status":"closed","sticky":false,"template":"","format":"standard","meta":{"footnotes":""},"categories":[14,9],"tags":[],"class_list":["post-36820","post","type-post","status-publish","format-standard","has-post-thumbnail","hentry","category-destacadas","category-morelia"],"_links":{"self":[{"href":"https:\/\/radiowebmx.com\/nota\/wp-json\/wp\/v2\/posts\/36820","targetHints":{"allow":["GET"]}}],"collection":[{"href":"https:\/\/radiowebmx.com\/nota\/wp-json\/wp\/v2\/posts"}],"about":[{"href":"https:\/\/radiowebmx.com\/nota\/wp-json\/wp\/v2\/types\/post"}],"author":[{"embeddable":true,"href":"https:\/\/radiowebmx.com\/nota\/wp-json\/wp\/v2\/users\/2"}],"replies":[{"embeddable":true,"href":"https:\/\/radiowebmx.com\/nota\/wp-json\/wp\/v2\/comments?post=36820"}],"version-history":[{"count":1,"href":"https:\/\/radiowebmx.com\/nota\/wp-json\/wp\/v2\/posts\/36820\/revisions"}],"predecessor-version":[{"id":36822,"href":"https:\/\/radiowebmx.com\/nota\/wp-json\/wp\/v2\/posts\/36820\/revisions\/36822"}],"wp:featuredmedia":[{"embeddable":true,"href":"https:\/\/radiowebmx.com\/nota\/wp-json\/wp\/v2\/media\/36821"}],"wp:attachment":[{"href":"https:\/\/radiowebmx.com\/nota\/wp-json\/wp\/v2\/media?parent=36820"}],"wp:term":[{"taxonomy":"category","embeddable":true,"href":"https:\/\/radiowebmx.com\/nota\/wp-json\/wp\/v2\/categories?post=36820"},{"taxonomy":"post_tag","embeddable":true,"href":"https:\/\/radiowebmx.com\/nota\/wp-json\/wp\/v2\/tags?post=36820"}],"curies":[{"name":"wp","href":"https:\/\/api.w.org\/{rel}","templated":true}]}}