{"id":36817,"date":"2017-05-28T11:59:33","date_gmt":"2017-05-28T16:59:33","guid":{"rendered":"https:\/\/radiowebmx.com\/nota\/?p=36817"},"modified":"2017-05-30T11:41:31","modified_gmt":"2017-05-30T16:41:31","slug":"reconocen-madres-beneficiarias-trabajo-del-casvi-voluntad","status":"publish","type":"post","link":"https:\/\/radiowebmx.com\/nota\/reconocen-madres-beneficiarias-trabajo-del-casvi-voluntad\/","title":{"rendered":"Reconocen madres beneficiarias trabajo del CASVI Voluntad"},"content":{"rendered":"<p><a href=\"https:\/\/radiowebmx.com\/nota\/wp-content\/uploads\/2017\/05\/b1fcbdeb-8af7-4482-a736-c840dd14d4b5.jpeg\"><img loading=\"lazy\" decoding=\"async\" class=\"alignnone size-medium wp-image-36818\" src=\"https:\/\/radiowebmx.com\/nota\/wp-content\/uploads\/2017\/05\/b1fcbdeb-8af7-4482-a736-c840dd14d4b5-595x396.jpeg\" alt=\"\" width=\"595\" height=\"396\" srcset=\"https:\/\/radiowebmx.com\/nota\/wp-content\/uploads\/2017\/05\/b1fcbdeb-8af7-4482-a736-c840dd14d4b5-595x396.jpeg 595w, https:\/\/radiowebmx.com\/nota\/wp-content\/uploads\/2017\/05\/b1fcbdeb-8af7-4482-a736-c840dd14d4b5.jpeg 709w\" sizes=\"auto, (max-width: 595px) 100vw, 595px\" \/><\/a><\/p>\n<p>&nbsp;<\/p>\n<p>Un trato especializado y de calidad que ha permitido el desarrollo \u00f3ptimo de los ni\u00f1os, fue el trabajo que reconoci\u00f3 la\u00a0 Presidenta Honoraria del DIF de Morelia, Paola Delgadillo de Mart\u00ednez\u00a0durante el Segundo Aniversario del Centro de Atenci\u00f3n al Sector Vulnerable Infantil (CASVI) \u201cVoluntad\u201d.<\/p>\n<p>Al encabezar este acto, Paola Delgadillo asegur\u00f3 que todo el personal que labora en el CASVI es un equipo especializado y con vocaci\u00f3n para el cuidado de los peque\u00f1os y en este sentido afirm\u00f3 que desde la\u00a0Administraci\u00f3n Municipal que preside el Alcalde, Alfonso Mart\u00ednez Alc\u00e1zar, se tiene el compromiso de estar al pendiente de la educaci\u00f3n de los ni\u00f1os en el municipio y que la ni\u00f1ez moreliana\u00a0 tenga un crecimiento integral.<\/p>\n<p>La Presidenta Honoraria del DIF Morelia acompa\u00f1ada por Claudia Berenice Bribiesca\u00a0Tafolla, Directora del CASVI; Karla Ochoa Cort\u00e9s, Directora del Desarrollo Integral del Ni\u00f1o y de Mar\u00eda Esmeralda Ortiz Ortiz, Madre Beneficiada, record\u00f3 ante decenas de padres de familia que en el DIF Morelia se atienden las necesidades de la poblaci\u00f3n e invit\u00f3 a la ciudadan\u00eda a conocer sus programas.<\/p>\n<p>Por su parte, la Directora del CASVI Voluntad, Karla Ochoa, refrend\u00f3 la promesa que desde su encargo en este Gobierno Municipal se\u00a0realizar\u00e1 para mejorar el trabajo tendiente a fomentar el desarrollo de los ni\u00f1os y\u00a0 resalt\u00f3 que se cuenta con el apoyo decidido de la Presidenta Honoraria del DIF, Paola Delgadillo y el Alcalde, Alfonso Mart\u00ednez.<\/p>\n<p>Asimismo, la se\u00f1ora madre beneficiada, Mar\u00eda Ortiz, afirm\u00f3 que el desarrollo de su hijo es evidente y que gracias a la atenci\u00f3n del personal del CASVI Voluntad las etapas para su desenvolvimiento han sido \u00f3ptimas.<\/p>\n<p>\u201cComo pap\u00e1s nos podemos sentir orgullosos del trabajo que aqu\u00ed se realiza con nuestros peque\u00f1os\u201d, asegur\u00f3.<\/p>\n<p>Agradeci\u00f3 a todo el personal y las autoridades municipales al frente de este lugar en el que se reciben ni\u00f1os desde los 40 d\u00edas de nacidos hasta los 4 a\u00f1os.<\/p>\n","protected":false},"excerpt":{"rendered":"<p>&nbsp; Un trato especializado y de calidad que ha permitido el desarrollo \u00f3ptimo de los ni\u00f1os, fue el trabajo que reconoci\u00f3 la\u00a0 Presidenta Honoraria del DIF de Morelia, Paola Delgadillo de Mart\u00ednez\u00a0durante el Segundo Aniversario del Centro de Atenci\u00f3n al Sector Vulnerable Infantil (CASVI) \u201cVoluntad\u201d. Al encabezar este acto, Paola Delgadillo asegur\u00f3 que todo el [&hellip;]<\/p>\n","protected":false},"author":2,"featured_media":36818,"comment_status":"closed","ping_status":"closed","sticky":false,"template":"","format":"standard","meta":{"footnotes":""},"categories":[14,9],"tags":[],"class_list":["post-36817","post","type-post","status-publish","format-standard","has-post-thumbnail","hentry","category-destacadas","category-morelia"],"_links":{"self":[{"href":"https:\/\/radiowebmx.com\/nota\/wp-json\/wp\/v2\/posts\/36817","targetHints":{"allow":["GET"]}}],"collection":[{"href":"https:\/\/radiowebmx.com\/nota\/wp-json\/wp\/v2\/posts"}],"about":[{"href":"https:\/\/radiowebmx.com\/nota\/wp-json\/wp\/v2\/types\/post"}],"author":[{"embeddable":true,"href":"https:\/\/radiowebmx.com\/nota\/wp-json\/wp\/v2\/users\/2"}],"replies":[{"embeddable":true,"href":"https:\/\/radiowebmx.com\/nota\/wp-json\/wp\/v2\/comments?post=36817"}],"version-history":[{"count":1,"href":"https:\/\/radiowebmx.com\/nota\/wp-json\/wp\/v2\/posts\/36817\/revisions"}],"predecessor-version":[{"id":36819,"href":"https:\/\/radiowebmx.com\/nota\/wp-json\/wp\/v2\/posts\/36817\/revisions\/36819"}],"wp:featuredmedia":[{"embeddable":true,"href":"https:\/\/radiowebmx.com\/nota\/wp-json\/wp\/v2\/media\/36818"}],"wp:attachment":[{"href":"https:\/\/radiowebmx.com\/nota\/wp-json\/wp\/v2\/media?parent=36817"}],"wp:term":[{"taxonomy":"category","embeddable":true,"href":"https:\/\/radiowebmx.com\/nota\/wp-json\/wp\/v2\/categories?post=36817"},{"taxonomy":"post_tag","embeddable":true,"href":"https:\/\/radiowebmx.com\/nota\/wp-json\/wp\/v2\/tags?post=36817"}],"curies":[{"name":"wp","href":"https:\/\/api.w.org\/{rel}","templated":true}]}}