{"id":36731,"date":"2017-05-26T14:52:58","date_gmt":"2017-05-26T19:52:58","guid":{"rendered":"https:\/\/radiowebmx.com\/nota\/?p=36731"},"modified":"2017-05-26T14:54:33","modified_gmt":"2017-05-26T19:54:33","slug":"promocion-y-rescate-de-valores-compromiso-conjunto-con-comunicadores-adrian-lopez","status":"publish","type":"post","link":"https:\/\/radiowebmx.com\/nota\/promocion-y-rescate-de-valores-compromiso-conjunto-con-comunicadores-adrian-lopez\/","title":{"rendered":"Promoci\u00f3n y rescate de valores, compromiso conjunto con comunicadores: Adri\u00e1n L\u00f3pez"},"content":{"rendered":"<ul>\n<li>El secretario de Gobierno y la coordinadora de Comunicaci\u00f3n Social, Julieta L\u00f3pez, asistieron al Tercer Aniversario de Vox FM.<\/li>\n<\/ul>\n<p><a href=\"https:\/\/radiowebmx.com\/nota\/wp-content\/uploads\/2017\/05\/3a16c0dc-a2f0-42a5-8cd0-48f879d449ad.jpeg\"><img loading=\"lazy\" decoding=\"async\" class=\"alignnone size-medium wp-image-36732\" src=\"https:\/\/radiowebmx.com\/nota\/wp-content\/uploads\/2017\/05\/3a16c0dc-a2f0-42a5-8cd0-48f879d449ad-595x396.jpeg\" alt=\"\" width=\"595\" height=\"396\" srcset=\"https:\/\/radiowebmx.com\/nota\/wp-content\/uploads\/2017\/05\/3a16c0dc-a2f0-42a5-8cd0-48f879d449ad-595x396.jpeg 595w, https:\/\/radiowebmx.com\/nota\/wp-content\/uploads\/2017\/05\/3a16c0dc-a2f0-42a5-8cd0-48f879d449ad.jpeg 709w\" sizes=\"auto, (max-width: 595px) 100vw, 595px\" \/><\/a><\/p>\n<p><strong>Morelia, Michoac\u00e1n a 26 de mayo del 2017.-<\/strong> Con la representaci\u00f3n del gobernador, Silvano Aureoles Conejo, el secretario de Gobierno, Adri\u00e1n L\u00f3pez Sol\u00eds, asisti\u00f3 est\u00e1 ma\u00f1ana al Tercer Aniversario de la estaci\u00f3n de radio Vox FM, en donde se\u00f1al\u00f3 el trabajo conjunto con los comunicadores para promover conjunto con las autoridades la promoci\u00f3n y rescate de valores.<\/p>\n<p>Ante los directivos de la empresa que encabeza Julio Hern\u00e1ndez Granados y Jaime L\u00f3pez Mart\u00ednez, as\u00ed como invitados, el encargado de la pol\u00edtica interna manifest\u00f3 que la estaci\u00f3n radiof\u00f3nica es de los medios que est\u00e1n entendiendo el nuevo entorno social, la nueva din\u00e1mica de la comunicaci\u00f3n y sobre todo la m\u00e1s alta responsabilidad de que deben ser orientados promover esos valores de la convivencia que nos permitan superar la situaci\u00f3n que hoy vive M\u00e9xico y la que vive Michoac\u00e1n.<\/p>\n<p>&#8220;Tres a\u00f1os que, son muy pocos a\u00f1os, para lo que representa la experiencia, el conocimiento, el compromiso y la voluntad de quienes hacen posible este esfuerzo. VOX FM es el ejemplo m\u00e1s claro, de como si se puede conjugar el sentido empresarial, de emprendimiento con la vocaci\u00f3n del servicio en la comunicaci\u00f3n&#8221;, expres\u00f3.<\/p>\n<p>Acompa\u00f1ado de la coordinadora general de Comunicaci\u00f3n Social, Julieta L\u00f3pez Bautista, sostuvo que espacios de comunicaci\u00f3n como dicha cadena permiten una retroalimentaci\u00f3n con la ciudadan\u00eda para conocer los aciertos y errores en un ambiente plural y cr\u00edtico.<\/p>\n<p>L\u00f3pez Sol\u00eds hizo referencia al caso particular del periodista Salvador Adame, mismo en el que expres\u00f3 que el Gobierno del Estado en coordinaci\u00f3n con el Gobierno de la Rep\u00fablica, todos los d\u00edas hacen su m\u00e1ximo esfuerzo para localizar con vida a este periodista y reint\u00e9gralo al seno de su familia.<\/p>\n<p>&#8220;No vamos a cesar en las acciones, no nos vamos a cansar, hasta lograr cumplir con ese compromiso que ha hecho el propio Gobernador del estado con el gremio period\u00edstico y con la familia de Salvador Adame&#8221;, extern\u00f3.<\/p>\n<p>De igual manera, inform\u00f3 que se trabaja simult\u00e1neamente con la Federaci\u00f3n, con la Coordinaci\u00f3n Ejecutiva y el\u00a0 Consejo Consultivo del Mecanismo Protector de Defensores de Derechos Humanos y Periodistas para revitalizar y fortalecer las obligaciones que tenemos en el marco del cumplimiento de las tareas de este organismo.<\/p>\n<p>&#8220;Continuaremos reuni\u00e9ndonos en las diferentes regiones con los periodistas, a efecto de recoger las opiniones de conformar grupos de trabajo para elaborar lo que aspiramos sea un protocolo para los casos de agresi\u00f3n a alg\u00fan periodista&#8221;, recalc\u00f3.<\/p>\n<p>Aunado a ello anunci\u00f3 que se tendr\u00e1n \u00e1reas de atenci\u00f3n especializadas, con funcionarios exclusivamente dedicados a esa tarea, as\u00ed como construir mapas y atlas de riesgo y por supuesto mejorar la capacidad de atenci\u00f3n ante una eventualidad como la que ya nos hemos referido, dijo.<\/p>\n<p>En el evento estuvieron presentes el magistrado, Marco Antonio Flores Negrete, Presidente del Supremo Tribunal de Justicia en el Estado; el rector de la Universidad Michoacana de San Nicol\u00e1s de Hidalgo, Medardo Serna Gonz\u00e1lez; as\u00ed como diputados federales, locales y representantes de partidos pol\u00edticos.<\/p>\n","protected":false},"excerpt":{"rendered":"<p>El secretario de Gobierno y la coordinadora de Comunicaci\u00f3n Social, Julieta L\u00f3pez, asistieron al Tercer Aniversario de Vox FM. Morelia, Michoac\u00e1n a 26 de mayo del 2017.- Con la representaci\u00f3n del gobernador, Silvano Aureoles Conejo, el secretario de Gobierno, Adri\u00e1n L\u00f3pez Sol\u00eds, asisti\u00f3 est\u00e1 ma\u00f1ana al Tercer Aniversario de la estaci\u00f3n de radio Vox FM, [&hellip;]<\/p>\n","protected":false},"author":2,"featured_media":36732,"comment_status":"closed","ping_status":"closed","sticky":false,"template":"","format":"standard","meta":{"footnotes":""},"categories":[14,3],"tags":[],"class_list":["post-36731","post","type-post","status-publish","format-standard","has-post-thumbnail","hentry","category-destacadas","category-gobierno-del-estado-de-michoacan"],"_links":{"self":[{"href":"https:\/\/radiowebmx.com\/nota\/wp-json\/wp\/v2\/posts\/36731","targetHints":{"allow":["GET"]}}],"collection":[{"href":"https:\/\/radiowebmx.com\/nota\/wp-json\/wp\/v2\/posts"}],"about":[{"href":"https:\/\/radiowebmx.com\/nota\/wp-json\/wp\/v2\/types\/post"}],"author":[{"embeddable":true,"href":"https:\/\/radiowebmx.com\/nota\/wp-json\/wp\/v2\/users\/2"}],"replies":[{"embeddable":true,"href":"https:\/\/radiowebmx.com\/nota\/wp-json\/wp\/v2\/comments?post=36731"}],"version-history":[{"count":1,"href":"https:\/\/radiowebmx.com\/nota\/wp-json\/wp\/v2\/posts\/36731\/revisions"}],"predecessor-version":[{"id":36733,"href":"https:\/\/radiowebmx.com\/nota\/wp-json\/wp\/v2\/posts\/36731\/revisions\/36733"}],"wp:featuredmedia":[{"embeddable":true,"href":"https:\/\/radiowebmx.com\/nota\/wp-json\/wp\/v2\/media\/36732"}],"wp:attachment":[{"href":"https:\/\/radiowebmx.com\/nota\/wp-json\/wp\/v2\/media?parent=36731"}],"wp:term":[{"taxonomy":"category","embeddable":true,"href":"https:\/\/radiowebmx.com\/nota\/wp-json\/wp\/v2\/categories?post=36731"},{"taxonomy":"post_tag","embeddable":true,"href":"https:\/\/radiowebmx.com\/nota\/wp-json\/wp\/v2\/tags?post=36731"}],"curies":[{"name":"wp","href":"https:\/\/api.w.org\/{rel}","templated":true}]}}