{"id":36728,"date":"2017-05-26T14:36:12","date_gmt":"2017-05-26T19:36:12","guid":{"rendered":"https:\/\/radiowebmx.com\/nota\/?p=36728"},"modified":"2017-05-26T14:49:33","modified_gmt":"2017-05-26T19:49:33","slug":"reconoce-alfonso-martinez-importancia-social-de-los-medios-de-comunicacion","status":"publish","type":"post","link":"https:\/\/radiowebmx.com\/nota\/reconoce-alfonso-martinez-importancia-social-de-los-medios-de-comunicacion\/","title":{"rendered":"Reconoce Alfonso Mart\u00ednez importancia social de los medios de comunicaci\u00f3n"},"content":{"rendered":"<p><a href=\"https:\/\/radiowebmx.com\/nota\/wp-content\/uploads\/2017\/05\/d7f45bcb-5a7b-46f6-9ac7-99ff4c842e91.jpg\"><img loading=\"lazy\" decoding=\"async\" class=\"alignnone size-medium wp-image-36729\" src=\"https:\/\/radiowebmx.com\/nota\/wp-content\/uploads\/2017\/05\/d7f45bcb-5a7b-46f6-9ac7-99ff4c842e91-595x396.jpg\" alt=\"\" width=\"595\" height=\"396\" srcset=\"https:\/\/radiowebmx.com\/nota\/wp-content\/uploads\/2017\/05\/d7f45bcb-5a7b-46f6-9ac7-99ff4c842e91-595x396.jpg 595w, https:\/\/radiowebmx.com\/nota\/wp-content\/uploads\/2017\/05\/d7f45bcb-5a7b-46f6-9ac7-99ff4c842e91.jpg 709w\" sizes=\"auto, (max-width: 595px) 100vw, 595px\" \/><\/a><\/p>\n<p>&nbsp;<\/p>\n<p>Tras reconocer la importante labor que realizan en el d\u00eda a d\u00eda los medios de comunicaci\u00f3n, cuya labor resulta preponderante para la rendici\u00f3n de cuentas hacia la ciudadan\u00eda, el Presidente Municipal de Morelia, Alfonso Mart\u00ednez Alc\u00e1zar asisti\u00f3 este viernes a la ceremonia conmemorativa del 3er aniversario de la cadena de comunicaci\u00f3n\u00a0Vox Fm.<\/p>\n<p>Con la presencia del Secretario de Gobierno, Adri\u00e1n L\u00f3pez Sol\u00eds; el Rector de la M\u00e1xima Casa de estudios del estado, Medardo Serna Gonz\u00e1lez; as\u00ed como actores pol\u00edticos, sociales y titulares de los principales medios de comunicaci\u00f3n del estado, Alfonso Mart\u00ednez Alc\u00e1zar reconoci\u00f3 la evoluci\u00f3n de la cadena de comunicaci\u00f3n, erigi\u00e9ndose como un referente de veracidad al momento de mantener informada a loa ciudadan\u00eda.<\/p>\n<p>\u201cEste espacio de comunicaci\u00f3n da las noticias de una manera que contagia con su buen \u00e1nimo y por su prop\u00f3sito de informar, y esto debe reconocerles\u201d puntualiz\u00f3.<\/p>\n<p>El Presidente Municipal de Morelia habl\u00f3 de la competencia que existe entre la amplia gama de medios de comunicaci\u00f3n que hay en el estado, raz\u00f3n por la cual resalt\u00f3 como un m\u00e9rito notable, que Vox Fm se revele como un medio objetivo y atento a las necesidades de la ciudadan\u00eda.<\/p>\n<p>\u201cCumplen un a\u00f1o m\u00e1s donde siguen creciendo profesionalmente, se siguen consolidando, rodeados de grandes comunicadores, reconozco en Vox un espacio de veracidad\u201d, concluy\u00f3.<\/p>\n<p>El Gobierno Municipal que encabeza el Alcalde, Alfonso Mart\u00ednez Alc\u00e1zar se adhiere a la postura de respeto al trabajo de los medios de comunicaci\u00f3n, apoyando la libertad de expresi\u00f3n y el ajuste a las pol\u00edticas p\u00fablicas implementadas para el desarrollo de la capital michoacana.<\/p>\n","protected":false},"excerpt":{"rendered":"<p>&nbsp; Tras reconocer la importante labor que realizan en el d\u00eda a d\u00eda los medios de comunicaci\u00f3n, cuya labor resulta preponderante para la rendici\u00f3n de cuentas hacia la ciudadan\u00eda, el Presidente Municipal de Morelia, Alfonso Mart\u00ednez Alc\u00e1zar asisti\u00f3 este viernes a la ceremonia conmemorativa del 3er aniversario de la cadena de comunicaci\u00f3n\u00a0Vox Fm. Con la [&hellip;]<\/p>\n","protected":false},"author":2,"featured_media":36729,"comment_status":"closed","ping_status":"closed","sticky":false,"template":"","format":"standard","meta":{"footnotes":""},"categories":[14,9],"tags":[],"class_list":["post-36728","post","type-post","status-publish","format-standard","has-post-thumbnail","hentry","category-destacadas","category-morelia"],"_links":{"self":[{"href":"https:\/\/radiowebmx.com\/nota\/wp-json\/wp\/v2\/posts\/36728","targetHints":{"allow":["GET"]}}],"collection":[{"href":"https:\/\/radiowebmx.com\/nota\/wp-json\/wp\/v2\/posts"}],"about":[{"href":"https:\/\/radiowebmx.com\/nota\/wp-json\/wp\/v2\/types\/post"}],"author":[{"embeddable":true,"href":"https:\/\/radiowebmx.com\/nota\/wp-json\/wp\/v2\/users\/2"}],"replies":[{"embeddable":true,"href":"https:\/\/radiowebmx.com\/nota\/wp-json\/wp\/v2\/comments?post=36728"}],"version-history":[{"count":1,"href":"https:\/\/radiowebmx.com\/nota\/wp-json\/wp\/v2\/posts\/36728\/revisions"}],"predecessor-version":[{"id":36730,"href":"https:\/\/radiowebmx.com\/nota\/wp-json\/wp\/v2\/posts\/36728\/revisions\/36730"}],"wp:featuredmedia":[{"embeddable":true,"href":"https:\/\/radiowebmx.com\/nota\/wp-json\/wp\/v2\/media\/36729"}],"wp:attachment":[{"href":"https:\/\/radiowebmx.com\/nota\/wp-json\/wp\/v2\/media?parent=36728"}],"wp:term":[{"taxonomy":"category","embeddable":true,"href":"https:\/\/radiowebmx.com\/nota\/wp-json\/wp\/v2\/categories?post=36728"},{"taxonomy":"post_tag","embeddable":true,"href":"https:\/\/radiowebmx.com\/nota\/wp-json\/wp\/v2\/tags?post=36728"}],"curies":[{"name":"wp","href":"https:\/\/api.w.org\/{rel}","templated":true}]}}