{"id":36725,"date":"2017-05-26T12:10:56","date_gmt":"2017-05-26T17:10:56","guid":{"rendered":"https:\/\/radiowebmx.com\/nota\/?p=36725"},"modified":"2017-05-26T12:16:29","modified_gmt":"2017-05-26T17:16:29","slug":"gobierno-municipal-y-ciudadania-cierran-filas-por-la-limpieza-de-morelia","status":"publish","type":"post","link":"https:\/\/radiowebmx.com\/nota\/gobierno-municipal-y-ciudadania-cierran-filas-por-la-limpieza-de-morelia\/","title":{"rendered":"Gobierno Municipal y ciudadan\u00eda cierran filas por la limpieza de Morelia"},"content":{"rendered":"<ul>\n<li>Con gran \u00e9xito, arranca la jornada \u201cLimpiemos Morelia 2017\u201d<\/li>\n<\/ul>\n<p>&nbsp;<\/p>\n<ul>\n<li>Casi 10 km ser\u00e1n limpiados con las acciones coordinadas entre el Gobierno Municipal y ciudadan\u00eda.<\/li>\n<\/ul>\n<p>&nbsp;<\/p>\n<ul>\n<li>Esta labor atiende las zonas bajas propensas a ser afectadas en temporada de lluvias.<\/li>\n<\/ul>\n<p>&nbsp;<\/p>\n<div><\/div>\n<div><a href=\"https:\/\/radiowebmx.com\/nota\/wp-content\/uploads\/2017\/05\/1d8eb46b-30f9-4079-95df-0d37b18b960a.jpeg\"><img loading=\"lazy\" decoding=\"async\" class=\"alignnone size-medium wp-image-36726\" src=\"https:\/\/radiowebmx.com\/nota\/wp-content\/uploads\/2017\/05\/1d8eb46b-30f9-4079-95df-0d37b18b960a-595x396.jpeg\" alt=\"\" width=\"595\" height=\"396\" srcset=\"https:\/\/radiowebmx.com\/nota\/wp-content\/uploads\/2017\/05\/1d8eb46b-30f9-4079-95df-0d37b18b960a-595x396.jpeg 595w, https:\/\/radiowebmx.com\/nota\/wp-content\/uploads\/2017\/05\/1d8eb46b-30f9-4079-95df-0d37b18b960a.jpeg 709w\" sizes=\"auto, (max-width: 595px) 100vw, 595px\" \/><\/a><\/div>\n<div>Con la finalidad de aminorar los riesgos durante la temporada de lluvias, el Ayuntamiento a trav\u00e9s de la jornada \u201cLimpiemos Morelia\u201d impulsada por la Regidora y coordinadora de la Comisi\u00f3n de Ecolog\u00eda, Mar\u00eda Elisa Garrido P\u00e9rez, arranc\u00f3 con gran participaci\u00f3n dicha iniciativa que encabez\u00f3 el Presidente Municipal, Alfonso Mart\u00ednez Alc\u00e1zar.<\/p>\n<p>Acompa\u00f1ado por las Regidoras, Adela Alejandre Flores, Alma Rosa Bahena Villalobos; el Secretario de Servicios P\u00fablicos, Jos\u00e9 Luis Gil V\u00e1zquez; el Jefe de Alcantarillado del Organismo Operador de Agua Potable, Alcantarillado y Saneamiento (OOAPAS), Joaqu\u00edn Toledo \u00c1lvarez; el Director de Residuos S\u00f3lidos, Paulino Vel\u00e1zquez Mart\u00ednez, el Jefe de la Comuna Moreliana afirm\u00f3 que la intenci\u00f3n de esta labor es que se recolecte cada vez menos basura en las calles y r\u00edos del municipio.<\/p>\n<p>En esta ocasi\u00f3n, funcionarios municipales arrancaron las labores de limpieza en los costados del R\u00edo Grande de la ciudad con el fin de recolectar residuos s\u00f3lidos, lo cual fue una cantidad menor a la del a\u00f1o pasado de alrededor de 86 toneladas debido a la participaci\u00f3n previa de la ciudadan\u00eda de evitar tirar desperdicios en la v\u00eda p\u00fablica.<\/p>\n<p>El Alcalde, Alfonso Mart\u00ednez asegur\u00f3 que el actuar ciudadano es indispensable para que no se tengan situaciones de emergencia en las zonas bajas de Morelia en temporada de lluvias.<\/p>\n<p>&#8220;Las personas que viven en colonias ubicadas en zonas bajas son los que deben ser principalmente responsables para ayudarnos a contagiar este \u00e1nimo de no tirar basura con todos los dem\u00e1s, porque ellos son los principales afectados y todas las dem\u00e1s familias debemos ser solidarios y tenemos que cuidar nuestra ciudad&#8221;, destac\u00f3.<\/p>\n<p>Mart\u00ednez Alc\u00e1zar afirm\u00f3 que cuidar el medio ambiente es una labor de todos para ayudar a aminorar los problemas ambientales que esto genera, adem\u00e1s de que as\u00ed se reduce el riesgo de inundaciones en la ciudad al tener libres las calles de basura, desasolvados los cuerpos de agua y alcantarillas.<\/p>\n<p>Por su parte, la Regidora, Mar\u00eda Elisa Garrido afirm\u00f3 que el \u00e9xito de esta iniciativa consiste en que es una actividad preventiva a la \u00e9poca de las precipitaciones pluviales.<\/p>\n<p>Dio cuenta que el trabajo que por segundo a\u00f1o consecutivo se realiza en esta Administraci\u00f3n Municipal con \u201cLimpiemos Morelia&#8221;, estuvo distribuido por diversas zonas de la ciudad.<\/p>\n<p>Es de mencionar que casi 10 kil\u00f3metros ser\u00e1n limpiados del R\u00edo Grande, tarea en la que se sumaron 45 camiones de la Uni\u00f3n de Recolectores y 25 del Municipio, quienes estar\u00e1n en la colecta de bolsas de basura.<\/p><\/div>\n","protected":false},"excerpt":{"rendered":"<p>Con gran \u00e9xito, arranca la jornada \u201cLimpiemos Morelia 2017\u201d &nbsp; Casi 10 km ser\u00e1n limpiados con las acciones coordinadas entre el Gobierno Municipal y ciudadan\u00eda. &nbsp; Esta labor atiende las zonas bajas propensas a ser afectadas en temporada de lluvias. &nbsp; Con la finalidad de aminorar los riesgos durante la temporada de lluvias, el Ayuntamiento [&hellip;]<\/p>\n","protected":false},"author":2,"featured_media":36726,"comment_status":"closed","ping_status":"closed","sticky":false,"template":"","format":"standard","meta":{"footnotes":""},"categories":[14,9],"tags":[],"class_list":["post-36725","post","type-post","status-publish","format-standard","has-post-thumbnail","hentry","category-destacadas","category-morelia"],"_links":{"self":[{"href":"https:\/\/radiowebmx.com\/nota\/wp-json\/wp\/v2\/posts\/36725","targetHints":{"allow":["GET"]}}],"collection":[{"href":"https:\/\/radiowebmx.com\/nota\/wp-json\/wp\/v2\/posts"}],"about":[{"href":"https:\/\/radiowebmx.com\/nota\/wp-json\/wp\/v2\/types\/post"}],"author":[{"embeddable":true,"href":"https:\/\/radiowebmx.com\/nota\/wp-json\/wp\/v2\/users\/2"}],"replies":[{"embeddable":true,"href":"https:\/\/radiowebmx.com\/nota\/wp-json\/wp\/v2\/comments?post=36725"}],"version-history":[{"count":1,"href":"https:\/\/radiowebmx.com\/nota\/wp-json\/wp\/v2\/posts\/36725\/revisions"}],"predecessor-version":[{"id":36727,"href":"https:\/\/radiowebmx.com\/nota\/wp-json\/wp\/v2\/posts\/36725\/revisions\/36727"}],"wp:featuredmedia":[{"embeddable":true,"href":"https:\/\/radiowebmx.com\/nota\/wp-json\/wp\/v2\/media\/36726"}],"wp:attachment":[{"href":"https:\/\/radiowebmx.com\/nota\/wp-json\/wp\/v2\/media?parent=36725"}],"wp:term":[{"taxonomy":"category","embeddable":true,"href":"https:\/\/radiowebmx.com\/nota\/wp-json\/wp\/v2\/categories?post=36725"},{"taxonomy":"post_tag","embeddable":true,"href":"https:\/\/radiowebmx.com\/nota\/wp-json\/wp\/v2\/tags?post=36725"}],"curies":[{"name":"wp","href":"https:\/\/api.w.org\/{rel}","templated":true}]}}