{"id":36722,"date":"2017-05-26T11:23:21","date_gmt":"2017-05-26T16:23:21","guid":{"rendered":"https:\/\/radiowebmx.com\/nota\/?p=36722"},"modified":"2017-05-26T11:34:34","modified_gmt":"2017-05-26T16:34:34","slug":"lanza-ayuntamiento-convocatoria-bienestar-social-para-el-morelia-de-todos","status":"publish","type":"post","link":"https:\/\/radiowebmx.com\/nota\/lanza-ayuntamiento-convocatoria-bienestar-social-para-el-morelia-de-todos\/","title":{"rendered":"Lanza Ayuntamiento Convocatoria \u201cBienestar Social para el Morelia de Todos\u201d"},"content":{"rendered":"<p><a href=\"https:\/\/radiowebmx.com\/nota\/wp-content\/uploads\/2017\/05\/1773ad1f-f48a-4435-9bc9-d39345d25078.jpg\"><img loading=\"lazy\" decoding=\"async\" class=\"alignnone size-medium wp-image-36723\" src=\"https:\/\/radiowebmx.com\/nota\/wp-content\/uploads\/2017\/05\/1773ad1f-f48a-4435-9bc9-d39345d25078-595x396.jpg\" alt=\"\" width=\"595\" height=\"396\" srcset=\"https:\/\/radiowebmx.com\/nota\/wp-content\/uploads\/2017\/05\/1773ad1f-f48a-4435-9bc9-d39345d25078-595x396.jpg 595w, https:\/\/radiowebmx.com\/nota\/wp-content\/uploads\/2017\/05\/1773ad1f-f48a-4435-9bc9-d39345d25078.jpg 709w\" sizes=\"auto, (max-width: 595px) 100vw, 595px\" \/><\/a><\/p>\n<p>&nbsp;<\/p>\n<p>Con el objetivo de mejorar la calidad de vida de las personas mediante acciones de prevenci\u00f3n y estrategias que contribuyan a la disminuci\u00f3n de la marginaci\u00f3n o discriminaci\u00f3n originada por una discapacidad, el Ayuntamiento de Morelia, a trav\u00e9s de la Secretar\u00eda de Desarrollo Humano y Bienestar Social, lanza la Convocatoria \u201cBienestar Social para el Morelia de Todos\u201d.<\/p>\n<p>El documento est\u00e1 dirigido a las Organizaciones de la Sociedad Civil con domicilio fiscal en el municipio de Morelia, Michoac\u00e1n, para presentar proyectos de Bienestar Social para el Morelia de Todos (BM), dentro del Programa de Coinversi\u00f3n Social, al que este a\u00f1o se destinar\u00e1n 2 millones de pesos.<\/p>\n<p>Los proyectos presentados deben estar orientados a mejorar las condiciones de vida, las capacidades f\u00edsicas y sensoriales, que permitan la inclusi\u00f3n de las personas con discapacidad auditiva y motriz, as\u00ed como acotar la brecha de la discriminaci\u00f3n que limitan su pleno desarrollo humano y promover criterios de apoyo para la movilidad.<\/p>\n<p>De esta manera, tal como lo establece dicho programa, el Instituto Nacional de Desarrollo Social (INDESOL), aportar\u00e1 un mill\u00f3n de pesos, en tanto el Gobierno Municipal, contribuir\u00e1 con la misma cantidad.<\/p>\n<p>Es de precisar que el monto m\u00e1ximo de aportaci\u00f3n por proyecto ser\u00e1 de 350 mil pesos, de tal manera que el porcentaje de coinversi\u00f3n de los Actores Sociales deber\u00e1 ser cuando menos del 20 por ciento del costo total del Proyecto.<\/p>\n<p>El a\u00f1o pasado, este programa se trabaj\u00f3 de manera exitosa bajo la vertiente de la Promoci\u00f3n del Desarrollo Humano y Social sobre la convocatoria lanzada con el nombre Morelia Cree en Ti, en el que se tuvo una inversi\u00f3n total de 6 millones de pesos. El recurso se dividi\u00f3 en talleres para capacitaci\u00f3n en autoempleo y en huertos comunitarios.<\/p>\n<p>El recurso se dividi\u00f3 en 14 proyectos de las organizaciones de la sociedad civil que salieron aprobados con una inversi\u00f3n cerca de los 200 mil pesos por proyecto para huertos comunitarios y que fueron instalados tanto en la zona rural como en la zona urbana de Morelia, beneficiando de manera directa a m\u00e1s 20 familias por cada huerto aproximadamente.<\/p>\n<p>Mientras que la otra parte del recurso se dividi\u00f3 en 20 proyectos para talleres de capacitaci\u00f3n y autoempleo con una inversi\u00f3n total de 3 millones 600 mil pesos en el que a trav\u00e9s de ellos se capacitaron por taller a 30 personas aproximadamente en comunidades y zona urbana de Morelia.<\/p>\n<p>Con estas acciones, se trabaja de forma directa sobre las l\u00edneas de acci\u00f3n de la Secretar\u00eda de Desarrollo Humano y Bienestar Social, contribuyendo a la mejora de la calidad de vida de la poblaci\u00f3n en situaci\u00f3n de pobreza, exclusi\u00f3n, vulnerabilidad, desigualdad por g\u00e9nero, marginaci\u00f3n o discriminaci\u00f3n, y el fomento del desarrollo comunitario y el capital social.<\/p>\n<p>Para mayor informaci\u00f3n sobre la convocatoria, pueden acceder al portal web del Ayuntamiento de Morelia: <a href=\"http:\/\/gob.us11.list-manage1.com\/track\/click?u=4006ac058ed166735585eb757&amp;id=ff8ba39b73&amp;e=fbc79edfe0\" target=\"_blank\" rel=\"noopener noreferrer\">www.morelia.gob.mx<\/a> o bien comunicarse a la Coordinaci\u00f3n de la Secretar\u00eda de Desarrollo Humano y Bienestar Social, al tel\u00e9fono 322-07-10 extensi\u00f3n 788.<\/p>\n","protected":false},"excerpt":{"rendered":"<p>&nbsp; Con el objetivo de mejorar la calidad de vida de las personas mediante acciones de prevenci\u00f3n y estrategias que contribuyan a la disminuci\u00f3n de la marginaci\u00f3n o discriminaci\u00f3n originada por una discapacidad, el Ayuntamiento de Morelia, a trav\u00e9s de la Secretar\u00eda de Desarrollo Humano y Bienestar Social, lanza la Convocatoria \u201cBienestar Social para el [&hellip;]<\/p>\n","protected":false},"author":2,"featured_media":36723,"comment_status":"closed","ping_status":"closed","sticky":false,"template":"","format":"standard","meta":{"footnotes":""},"categories":[14,9],"tags":[],"class_list":["post-36722","post","type-post","status-publish","format-standard","has-post-thumbnail","hentry","category-destacadas","category-morelia"],"_links":{"self":[{"href":"https:\/\/radiowebmx.com\/nota\/wp-json\/wp\/v2\/posts\/36722","targetHints":{"allow":["GET"]}}],"collection":[{"href":"https:\/\/radiowebmx.com\/nota\/wp-json\/wp\/v2\/posts"}],"about":[{"href":"https:\/\/radiowebmx.com\/nota\/wp-json\/wp\/v2\/types\/post"}],"author":[{"embeddable":true,"href":"https:\/\/radiowebmx.com\/nota\/wp-json\/wp\/v2\/users\/2"}],"replies":[{"embeddable":true,"href":"https:\/\/radiowebmx.com\/nota\/wp-json\/wp\/v2\/comments?post=36722"}],"version-history":[{"count":1,"href":"https:\/\/radiowebmx.com\/nota\/wp-json\/wp\/v2\/posts\/36722\/revisions"}],"predecessor-version":[{"id":36724,"href":"https:\/\/radiowebmx.com\/nota\/wp-json\/wp\/v2\/posts\/36722\/revisions\/36724"}],"wp:featuredmedia":[{"embeddable":true,"href":"https:\/\/radiowebmx.com\/nota\/wp-json\/wp\/v2\/media\/36723"}],"wp:attachment":[{"href":"https:\/\/radiowebmx.com\/nota\/wp-json\/wp\/v2\/media?parent=36722"}],"wp:term":[{"taxonomy":"category","embeddable":true,"href":"https:\/\/radiowebmx.com\/nota\/wp-json\/wp\/v2\/categories?post=36722"},{"taxonomy":"post_tag","embeddable":true,"href":"https:\/\/radiowebmx.com\/nota\/wp-json\/wp\/v2\/tags?post=36722"}],"curies":[{"name":"wp","href":"https:\/\/api.w.org\/{rel}","templated":true}]}}