{"id":3672,"date":"2013-08-27T10:52:37","date_gmt":"2013-08-27T15:52:37","guid":{"rendered":"https:\/\/radiowebmx.com\/nota\/?p=3672"},"modified":"2013-08-27T10:52:37","modified_gmt":"2013-08-27T15:52:37","slug":"apoyo-a-las-decisiones-federales-en-busca-del-desarrollo-chon","status":"publish","type":"post","link":"https:\/\/radiowebmx.com\/nota\/apoyo-a-las-decisiones-federales-en-busca-del-desarrollo-chon\/","title":{"rendered":"APOYO A LAS DECISIONES FEDERALES EN BUSCA DEL DESARROLLO: CHON"},"content":{"rendered":"<p><a href=\"https:\/\/radiowebmx.com\/nota\/wp-content\/uploads\/2013\/08\/plenaria.jpg\"><img loading=\"lazy\" decoding=\"async\" class=\"alignleft size-full wp-image-3673\" alt=\"plenaria\" src=\"https:\/\/radiowebmx.com\/nota\/wp-content\/uploads\/2013\/08\/plenaria.jpg\" width=\"591\" height=\"280\" \/><\/a>Los Legisladores federales del Partido Revolucionario Institucional (PRI) est\u00e1n convencidos de respaldar las decisiones del gobierno del presidente Enrique Pe\u00f1a Nieto, ya que es fundamental retomar el camino del estado de derecho a trav\u00e9s de las reformas que reclama el pa\u00eds para encontrar el crecimiento y el desarrollo, asegur\u00f3 el Senador Jos\u00e9 Ascenci\u00f3n Orihuela B\u00e1rcenas.<\/p>\n<p>&nbsp;<\/p>\n<p>Ante la presencia del secretario de gobernaci\u00f3n, Miguel \u00c1ngel Osorio Chong y durante la plenaria del grupo parlamentario del PRI en el Senado de la Rep\u00fablica, Chon Orihuela se refiri\u00f3 en particular a las modificaciones en materia educativa, dado que en diversas entidades, como Michoac\u00e1n, Guerreo y Oaxaca, se tienen las educaciones m\u00e1s caras pero al mismo tiempo las m\u00e1s deficientes.<\/p>\n<p>&nbsp;<\/p>\n<p>Lo anterior, indic\u00f3 el michoacano, nos tiene en amplia desventaja en condiciones de desarrollo y progreso, lo cual es inaceptable.<\/p>\n<p>&nbsp;<\/p>\n<p>Al hacer uso de la palabra durante la plenaria, Chon Orihuela reprob\u00f3 que en Michoac\u00e1n se\u00a0 hayan trastocado por muchos a\u00f1os el orden, el marco de derecho y el mandato institucional, por lo que coincidi\u00f3 con Osorio Chong en el sentido de que se debe tener la paciencia, la sabidur\u00eda y el control para no caer en un escenario de confrontaciones.<\/p>\n<p>&nbsp;<\/p>\n<p>Lo anterior, asegur\u00f3 el legislador, en respuesta a la demanda ciudadana de recobrar el orden institucional, el estado de derecho y es que en Michoac\u00e1n, durante los 10 a\u00f1os de gobiernos perredistas se trastoc\u00f3 el orden de los derechos, particularmente en materia de finanzas, lo que sin duda ha impactado, principalmente al relacionarlo con el tema educativo.<\/p>\n<p>&nbsp;<\/p>\n<p>\u201cQuiero decirle que me parece fundamental lo que usted planteaba y coincidimos los que estamos en el espacio de lograr las reformas que reclama el pa\u00eds para encontrar el crecimiento y la posibilidad de generar empleos para todos los mexicanos que lo demandan y para cualquier mexicano de cualquier edad\u201d.<\/p>\n<p>&nbsp;<\/p>\n<p>Si bien manifest\u00f3 su acuerdo y respaldo a las determinaciones que tome el gobierno federal encabezado por Enrique Pe\u00f1a Nieto, igualmente solicit\u00f3 \u2013dados los acontecimientos del mi\u00e9rcoles y jueves de la semana pasada en el Congreso de la Uni\u00f3n-, se involucre directamente a los legisladores.<\/p>\n<p>&nbsp;<\/p>\n<p>\u201cMe queda la impresi\u00f3n de que nosotros no tenemos esa comunicaci\u00f3n tan amplia y sucedieron cosas que realmente lastimaron a muchos legisladores en mi punto de vista, estrictamente personal, creo que no es una buena idea sacar de la negociaci\u00f3n a los l\u00edderes parlamentarios o a los grupos parlamentarios. Es un eslab\u00f3n en la cadena que es fundamental para salir adelante en el congreso.<\/p>\n<p>&nbsp;<\/p>\n<p>\u201cLe digo esto porque nosotros lo vivimos desde hace 25 a\u00f1os. En Michoac\u00e1n ha sido parte de la vida cotidiana y del avance y por eso el PRD logr\u00f3 ganar, porque fue debilitando las estructuras del gobierno, el orden constitucional y el marco de derecho, reitero estamos totalmente de acuerdo en que es el espacio de las reformas, en la solidaridad con el gobierno del presidente Pe\u00f1a y decirle que asumimos totalmente nuestra responsabilidad y el apoyo total a las decisiones del presidente y que cuentan absolutamente con nosotros\u201d.<\/p>\n<p>&nbsp;<\/p>\n<p>Finalmente sostuvo que lo que sigue es una amplia comunicaci\u00f3n a la sociedad, de qu\u00e9 representa la Coordinadora en la educaci\u00f3n, qu\u00e9 ha representado en Oaxaca, en Guerrero y en Michoac\u00e1n, estados en los que sin duda existe la educaci\u00f3n m\u00e1s deficiente.<\/p>\n","protected":false},"excerpt":{"rendered":"<p>Los Legisladores federales del Partido Revolucionario Institucional (PRI) est\u00e1n convencidos de respaldar las decisiones del gobierno del presidente Enrique Pe\u00f1a Nieto, <\/p>\n","protected":false},"author":1,"featured_media":0,"comment_status":"open","ping_status":"open","sticky":false,"template":"","format":"standard","meta":{"footnotes":""},"categories":[14,3],"tags":[],"class_list":["post-3672","post","type-post","status-publish","format-standard","hentry","category-destacadas","category-gobierno-del-estado-de-michoacan"],"_links":{"self":[{"href":"https:\/\/radiowebmx.com\/nota\/wp-json\/wp\/v2\/posts\/3672","targetHints":{"allow":["GET"]}}],"collection":[{"href":"https:\/\/radiowebmx.com\/nota\/wp-json\/wp\/v2\/posts"}],"about":[{"href":"https:\/\/radiowebmx.com\/nota\/wp-json\/wp\/v2\/types\/post"}],"author":[{"embeddable":true,"href":"https:\/\/radiowebmx.com\/nota\/wp-json\/wp\/v2\/users\/1"}],"replies":[{"embeddable":true,"href":"https:\/\/radiowebmx.com\/nota\/wp-json\/wp\/v2\/comments?post=3672"}],"version-history":[{"count":2,"href":"https:\/\/radiowebmx.com\/nota\/wp-json\/wp\/v2\/posts\/3672\/revisions"}],"predecessor-version":[{"id":3675,"href":"https:\/\/radiowebmx.com\/nota\/wp-json\/wp\/v2\/posts\/3672\/revisions\/3675"}],"wp:attachment":[{"href":"https:\/\/radiowebmx.com\/nota\/wp-json\/wp\/v2\/media?parent=3672"}],"wp:term":[{"taxonomy":"category","embeddable":true,"href":"https:\/\/radiowebmx.com\/nota\/wp-json\/wp\/v2\/categories?post=3672"},{"taxonomy":"post_tag","embeddable":true,"href":"https:\/\/radiowebmx.com\/nota\/wp-json\/wp\/v2\/tags?post=3672"}],"curies":[{"name":"wp","href":"https:\/\/api.w.org\/{rel}","templated":true}]}}