{"id":36719,"date":"2017-05-26T11:05:30","date_gmt":"2017-05-26T16:05:30","guid":{"rendered":"https:\/\/radiowebmx.com\/nota\/?p=36719"},"modified":"2017-05-26T11:25:03","modified_gmt":"2017-05-26T16:25:03","slug":"gobierno-municipal-busca-potenciar-riqueza-musical-de-morelia","status":"publish","type":"post","link":"https:\/\/radiowebmx.com\/nota\/gobierno-municipal-busca-potenciar-riqueza-musical-de-morelia\/","title":{"rendered":"Gobierno Municipal busca potenciar riqueza musical de Morelia"},"content":{"rendered":"<p><a href=\"https:\/\/radiowebmx.com\/nota\/wp-content\/uploads\/2017\/05\/a739cec6-7c9c-4f4e-945c-e1e875181765.jpg\"><img loading=\"lazy\" decoding=\"async\" class=\"alignnone size-medium wp-image-36720\" src=\"https:\/\/radiowebmx.com\/nota\/wp-content\/uploads\/2017\/05\/a739cec6-7c9c-4f4e-945c-e1e875181765-595x396.jpg\" alt=\"\" width=\"595\" height=\"396\" srcset=\"https:\/\/radiowebmx.com\/nota\/wp-content\/uploads\/2017\/05\/a739cec6-7c9c-4f4e-945c-e1e875181765-595x396.jpg 595w, https:\/\/radiowebmx.com\/nota\/wp-content\/uploads\/2017\/05\/a739cec6-7c9c-4f4e-945c-e1e875181765.jpg 709w\" sizes=\"auto, (max-width: 595px) 100vw, 595px\" \/><\/a><\/p>\n<p>&nbsp;<\/p>\n<p>Con el proyecto de colocar a la capital michoacana como candidata a la red de Ciudades Creativas de la UNESCO, el Presidente Municipal de Morelia, Alfonso Mart\u00ednez Alc\u00e1zar da cuenta de su inter\u00e9s por erigir una urbe que adem\u00e1s de ser referente de modernidad urbana e inclusi\u00f3n social, pueda formar parte de un selecto grupo de municipios que a trav\u00e9s de las actividades art\u00edsticas puedan potenciar su vocaci\u00f3n cultural en el rubro de la m\u00fasica.<\/p>\n<p>Detonar las industrias culturales, art\u00edsticas y tur\u00edsticas de la ciudad, son prioridades para el Gobierno Independiente que encabeza el Alcalde, sin embargo promover la riqueza musical de Morelia, es el tema medular de este proyecto, ya que de lograr el nombramiento, se otorgar\u00eda justicia a un gremio que tanta riqueza y tradici\u00f3n ha dado a la hist\u00f3rica ciudad.<\/p>\n<p>En este tenor, el Secretario de Cultura Municipal, Miguel Salmon del Real, record\u00f3 que la ciudad alberga instituciones de estudios musicales de primer orden como el Conservatorio de las Rosas, la Facultad Popular de Bellas Artes UMSNH, ENES Morelia UNAM, el Laboratorio Nacional de Materiales Orales, el Centro Mexicano para la M\u00fasica y las Artes Sonoras, y por supuesto es sede de prestigiados festivales de corte internacional como el de M\u00fasica Miguel Bernal Jim\u00e9nez; el festival de \u00d3rgano; el Jazztival que a\u00f1o con a\u00f1o se abre paso en el gusto de la ciudadan\u00eda; as\u00ed como los festivales del Mariachi y Guitarra.<\/p>\n<p>La suma de esfuerzos entre Gobierno Municipal y la ciudadan\u00eda resultar\u00e1 indispensable para consolidar este proyecto, que se adhiere al Plan de Gran Visi\u00f3n Morelia NExT impulsado por Alfonso Mart\u00ednez Alc\u00e1zar, de establecer una ciudad modelo en modernidad y desarrollo urbano; as\u00ed como referente cultural y creativo.<\/p>\n<p>La Red de Ciudades Creativas de la UNESCO se cre\u00f3 en el 2004 con la finalidad de promover la cooperaci\u00f3n entre sus miembros; de tal manera que las ciudades miembro deben promover la creatividad como factor de desarrollo urbano sostenible, teniendo como objetivo, posicionar las industrias culturales como base para el desarrollo local y la cooperaci\u00f3n activa a nivel internacional.<\/p>\n","protected":false},"excerpt":{"rendered":"<p>&nbsp; Con el proyecto de colocar a la capital michoacana como candidata a la red de Ciudades Creativas de la UNESCO, el Presidente Municipal de Morelia, Alfonso Mart\u00ednez Alc\u00e1zar da cuenta de su inter\u00e9s por erigir una urbe que adem\u00e1s de ser referente de modernidad urbana e inclusi\u00f3n social, pueda formar parte de un selecto [&hellip;]<\/p>\n","protected":false},"author":2,"featured_media":36720,"comment_status":"closed","ping_status":"closed","sticky":false,"template":"","format":"standard","meta":{"footnotes":""},"categories":[14,9],"tags":[],"class_list":["post-36719","post","type-post","status-publish","format-standard","has-post-thumbnail","hentry","category-destacadas","category-morelia"],"_links":{"self":[{"href":"https:\/\/radiowebmx.com\/nota\/wp-json\/wp\/v2\/posts\/36719","targetHints":{"allow":["GET"]}}],"collection":[{"href":"https:\/\/radiowebmx.com\/nota\/wp-json\/wp\/v2\/posts"}],"about":[{"href":"https:\/\/radiowebmx.com\/nota\/wp-json\/wp\/v2\/types\/post"}],"author":[{"embeddable":true,"href":"https:\/\/radiowebmx.com\/nota\/wp-json\/wp\/v2\/users\/2"}],"replies":[{"embeddable":true,"href":"https:\/\/radiowebmx.com\/nota\/wp-json\/wp\/v2\/comments?post=36719"}],"version-history":[{"count":1,"href":"https:\/\/radiowebmx.com\/nota\/wp-json\/wp\/v2\/posts\/36719\/revisions"}],"predecessor-version":[{"id":36721,"href":"https:\/\/radiowebmx.com\/nota\/wp-json\/wp\/v2\/posts\/36719\/revisions\/36721"}],"wp:featuredmedia":[{"embeddable":true,"href":"https:\/\/radiowebmx.com\/nota\/wp-json\/wp\/v2\/media\/36720"}],"wp:attachment":[{"href":"https:\/\/radiowebmx.com\/nota\/wp-json\/wp\/v2\/media?parent=36719"}],"wp:term":[{"taxonomy":"category","embeddable":true,"href":"https:\/\/radiowebmx.com\/nota\/wp-json\/wp\/v2\/categories?post=36719"},{"taxonomy":"post_tag","embeddable":true,"href":"https:\/\/radiowebmx.com\/nota\/wp-json\/wp\/v2\/tags?post=36719"}],"curies":[{"name":"wp","href":"https:\/\/api.w.org\/{rel}","templated":true}]}}