{"id":36716,"date":"2017-05-25T20:18:24","date_gmt":"2017-05-26T01:18:24","guid":{"rendered":"https:\/\/radiowebmx.com\/nota\/?p=36716"},"modified":"2017-05-26T11:21:15","modified_gmt":"2017-05-26T16:21:15","slug":"ayuntamiento-invita-a-ciudadania-a-sumarse-a-jornada-limpiemos-morelia-2017","status":"publish","type":"post","link":"https:\/\/radiowebmx.com\/nota\/ayuntamiento-invita-a-ciudadania-a-sumarse-a-jornada-limpiemos-morelia-2017\/","title":{"rendered":"Ayuntamiento invita a ciudadan\u00eda a sumarse a jornada \u201cLimpiemos Morelia 2017\u201d"},"content":{"rendered":"<p><a href=\"https:\/\/radiowebmx.com\/nota\/wp-content\/uploads\/2017\/05\/e20a113b-68ef-4f2f-9310-23a3ee5ddb9e.jpg\"><img loading=\"lazy\" decoding=\"async\" class=\"alignnone size-medium wp-image-36717\" src=\"https:\/\/radiowebmx.com\/nota\/wp-content\/uploads\/2017\/05\/e20a113b-68ef-4f2f-9310-23a3ee5ddb9e-595x446.jpg\" alt=\"\" width=\"595\" height=\"446\" srcset=\"https:\/\/radiowebmx.com\/nota\/wp-content\/uploads\/2017\/05\/e20a113b-68ef-4f2f-9310-23a3ee5ddb9e-595x446.jpg 595w, https:\/\/radiowebmx.com\/nota\/wp-content\/uploads\/2017\/05\/e20a113b-68ef-4f2f-9310-23a3ee5ddb9e.jpg 709w\" sizes=\"auto, (max-width: 595px) 100vw, 595px\" \/><\/a><\/p>\n<p>&nbsp;<\/p>\n<p>Con el objetivo de garantizar la seguridad ciudadana en temporada de lluvias y por segundo a\u00f1o consecutivo, se realizar\u00e1 la jornada \u201cLimpiemos Morelia 2017\u201d el pr\u00f3ximo viernes 26 de mayo, por lo que el Ayuntamiento que encabeza el Alcalde, Alfonso Mart\u00ednez Alc\u00e1zar invit\u00f3 a la poblaci\u00f3n a participar tambi\u00e9n desde sus colonias.<\/p>\n<p>Si bien esta campa\u00f1a iniciar\u00e1 a las 8:00 horas a las afueras de las instalaciones de la Central de Autobuses del Norte, la iniciativa podr\u00e1 realizarse con organizaci\u00f3n vecinal desde su zona habitacional y en coordinaci\u00f3n con la Administraci\u00f3n Municipal para que se pueda \u00a0juntar lo recolectado.<\/p>\n<p>La Regidora, Mar\u00eda Elisa Garrido P\u00e9rez,\u00a0 Coordinadora de la Comisi\u00f3n de Ecolog\u00eda, quien encabeza esta iniciativa record\u00f3 que el \u00e9xito de esta jornada consiste en la suma de las instancias municipales con la ciudadan\u00eda y as\u00ed evitar complicaciones en \u00e9poca de lluvias.<\/p>\n<p>Y es que una de las caracter\u00edsticas que tiene esta labor es que los trabajos se llevan a cabo en las colonias ubicadas en las zonas bajas de la ciudad y ayudar as\u00ed a disminuir el riesgo de encharcamientos o consecuencias mayores que incluso pueden poner en riesgo la vida de las personas.<\/p>\n<p>Autoridades municipales recordaron que este trabajo empieza desde el hogar de cada uno de los morelianos, y se puede contribuir desde \u00a0las Tenencias y casas al barrer a diario el frente de cada vivienda.<\/p>\n<p>De esta manera el Ayuntamiento de Morelia promueve la participaci\u00f3n ciudadana en favor del entorno y genera conciencia en la poblaci\u00f3n de la importancia de no tirar basura en las calles, caminos o espacios verdes.<\/p>\n","protected":false},"excerpt":{"rendered":"<p>&nbsp; Con el objetivo de garantizar la seguridad ciudadana en temporada de lluvias y por segundo a\u00f1o consecutivo, se realizar\u00e1 la jornada \u201cLimpiemos Morelia 2017\u201d el pr\u00f3ximo viernes 26 de mayo, por lo que el Ayuntamiento que encabeza el Alcalde, Alfonso Mart\u00ednez Alc\u00e1zar invit\u00f3 a la poblaci\u00f3n a participar tambi\u00e9n desde sus colonias. Si bien [&hellip;]<\/p>\n","protected":false},"author":2,"featured_media":36717,"comment_status":"closed","ping_status":"closed","sticky":false,"template":"","format":"standard","meta":{"footnotes":""},"categories":[14,9],"tags":[],"class_list":["post-36716","post","type-post","status-publish","format-standard","has-post-thumbnail","hentry","category-destacadas","category-morelia"],"_links":{"self":[{"href":"https:\/\/radiowebmx.com\/nota\/wp-json\/wp\/v2\/posts\/36716","targetHints":{"allow":["GET"]}}],"collection":[{"href":"https:\/\/radiowebmx.com\/nota\/wp-json\/wp\/v2\/posts"}],"about":[{"href":"https:\/\/radiowebmx.com\/nota\/wp-json\/wp\/v2\/types\/post"}],"author":[{"embeddable":true,"href":"https:\/\/radiowebmx.com\/nota\/wp-json\/wp\/v2\/users\/2"}],"replies":[{"embeddable":true,"href":"https:\/\/radiowebmx.com\/nota\/wp-json\/wp\/v2\/comments?post=36716"}],"version-history":[{"count":1,"href":"https:\/\/radiowebmx.com\/nota\/wp-json\/wp\/v2\/posts\/36716\/revisions"}],"predecessor-version":[{"id":36718,"href":"https:\/\/radiowebmx.com\/nota\/wp-json\/wp\/v2\/posts\/36716\/revisions\/36718"}],"wp:featuredmedia":[{"embeddable":true,"href":"https:\/\/radiowebmx.com\/nota\/wp-json\/wp\/v2\/media\/36717"}],"wp:attachment":[{"href":"https:\/\/radiowebmx.com\/nota\/wp-json\/wp\/v2\/media?parent=36716"}],"wp:term":[{"taxonomy":"category","embeddable":true,"href":"https:\/\/radiowebmx.com\/nota\/wp-json\/wp\/v2\/categories?post=36716"},{"taxonomy":"post_tag","embeddable":true,"href":"https:\/\/radiowebmx.com\/nota\/wp-json\/wp\/v2\/tags?post=36716"}],"curies":[{"name":"wp","href":"https:\/\/api.w.org\/{rel}","templated":true}]}}