{"id":36713,"date":"2017-05-25T20:10:11","date_gmt":"2017-05-26T01:10:11","guid":{"rendered":"https:\/\/radiowebmx.com\/nota\/?p=36713"},"modified":"2017-05-26T11:18:22","modified_gmt":"2017-05-26T16:18:22","slug":"junio-mes-del-turismo-de-negocios-en-morelia","status":"publish","type":"post","link":"https:\/\/radiowebmx.com\/nota\/junio-mes-del-turismo-de-negocios-en-morelia\/","title":{"rendered":"Junio, mes del turismo de negocios en Morelia"},"content":{"rendered":"<p><a href=\"https:\/\/radiowebmx.com\/nota\/wp-content\/uploads\/2017\/05\/162d59fe-4af4-40dc-a6af-b47e125d8a44.jpg\"><img loading=\"lazy\" decoding=\"async\" class=\"alignnone size-medium wp-image-36714\" src=\"https:\/\/radiowebmx.com\/nota\/wp-content\/uploads\/2017\/05\/162d59fe-4af4-40dc-a6af-b47e125d8a44-595x394.jpg\" alt=\"\" width=\"595\" height=\"394\" srcset=\"https:\/\/radiowebmx.com\/nota\/wp-content\/uploads\/2017\/05\/162d59fe-4af4-40dc-a6af-b47e125d8a44-595x394.jpg 595w, https:\/\/radiowebmx.com\/nota\/wp-content\/uploads\/2017\/05\/162d59fe-4af4-40dc-a6af-b47e125d8a44.jpg 709w\" sizes=\"auto, (max-width: 595px) 100vw, 595px\" \/><\/a><\/p>\n<p>&nbsp;<\/p>\n<p>Con el firme objetivo de continuar impulsando el sector tur\u00edstico de negocios, congresos y convenciones en Morelia, el Ayuntamiento Capitalino a trav\u00e9s de su Secretar\u00eda de Turismo Municipal anunci\u00f3 que este segmento se ha incrementado en esta administraci\u00f3n por lo que se contin\u00faan implementando acciones que beneficien a este sector.<\/p>\n<p>Thelma Aquique Arrieta, Secretaria de Turismo de Morelia mencion\u00f3 que el firme compromiso del Presiente Municipal, Alfonso Mart\u00ednez Alc\u00e1zar es diversificar la oferta tur\u00edstica e impulsar el segmento de congresos y convenciones por lo que durante el mes de junio se llevar\u00e1n a cabo 8 congresos de talla nacional entre los que se destacan el Congreso Nacional de Motocross MX, el XXIII Congreso estatal de Pediatr\u00eda, la Conferencia Nacional de Secretarios de Seguridad P\u00fablica, la Asamblea Nacional Grupo Gasolinero G500 entre algunos otros de segmentos empresariales y de temas de salud.<\/p>\n<p>En este sentido, Aquique Arrieta agradeci\u00f3 la confianza que todas las instancias tanto p\u00fablicas como privadas tienen en realizar sus eventos en Morelia y que esto conlleva a continuar con la tendencia a la alza de fortalecer la actividad tur\u00edstica de la ciudad a trav\u00e9s de los prestadores de servicios como hoteleros, restauranteros, gu\u00edas de turistas, tranv\u00edas entre muchos otros.<\/p>\n<p>Asimismo destac\u00f3 que desde el inicio de esta Administraci\u00f3n la dependencia a su cargo cre\u00f3 un \u00e1rea espec\u00edfica para la atenci\u00f3n puntual de congresos y convenciones, la cual hab\u00eda sido una petici\u00f3n del sector empresarial y que el gobierno que encabeza el Alcalde, Alfonso Mart\u00ednez Alc\u00e1zar ha detonado para impulsar y atender este sector para los morelianos.<\/p>\n","protected":false},"excerpt":{"rendered":"<p>&nbsp; Con el firme objetivo de continuar impulsando el sector tur\u00edstico de negocios, congresos y convenciones en Morelia, el Ayuntamiento Capitalino a trav\u00e9s de su Secretar\u00eda de Turismo Municipal anunci\u00f3 que este segmento se ha incrementado en esta administraci\u00f3n por lo que se contin\u00faan implementando acciones que beneficien a este sector. Thelma Aquique Arrieta, Secretaria [&hellip;]<\/p>\n","protected":false},"author":2,"featured_media":36714,"comment_status":"closed","ping_status":"closed","sticky":false,"template":"","format":"standard","meta":{"footnotes":""},"categories":[14,9],"tags":[],"class_list":["post-36713","post","type-post","status-publish","format-standard","has-post-thumbnail","hentry","category-destacadas","category-morelia"],"_links":{"self":[{"href":"https:\/\/radiowebmx.com\/nota\/wp-json\/wp\/v2\/posts\/36713","targetHints":{"allow":["GET"]}}],"collection":[{"href":"https:\/\/radiowebmx.com\/nota\/wp-json\/wp\/v2\/posts"}],"about":[{"href":"https:\/\/radiowebmx.com\/nota\/wp-json\/wp\/v2\/types\/post"}],"author":[{"embeddable":true,"href":"https:\/\/radiowebmx.com\/nota\/wp-json\/wp\/v2\/users\/2"}],"replies":[{"embeddable":true,"href":"https:\/\/radiowebmx.com\/nota\/wp-json\/wp\/v2\/comments?post=36713"}],"version-history":[{"count":1,"href":"https:\/\/radiowebmx.com\/nota\/wp-json\/wp\/v2\/posts\/36713\/revisions"}],"predecessor-version":[{"id":36715,"href":"https:\/\/radiowebmx.com\/nota\/wp-json\/wp\/v2\/posts\/36713\/revisions\/36715"}],"wp:featuredmedia":[{"embeddable":true,"href":"https:\/\/radiowebmx.com\/nota\/wp-json\/wp\/v2\/media\/36714"}],"wp:attachment":[{"href":"https:\/\/radiowebmx.com\/nota\/wp-json\/wp\/v2\/media?parent=36713"}],"wp:term":[{"taxonomy":"category","embeddable":true,"href":"https:\/\/radiowebmx.com\/nota\/wp-json\/wp\/v2\/categories?post=36713"},{"taxonomy":"post_tag","embeddable":true,"href":"https:\/\/radiowebmx.com\/nota\/wp-json\/wp\/v2\/tags?post=36713"}],"curies":[{"name":"wp","href":"https:\/\/api.w.org\/{rel}","templated":true}]}}