{"id":36709,"date":"2017-05-25T18:41:28","date_gmt":"2017-05-25T23:41:28","guid":{"rendered":"https:\/\/radiowebmx.com\/nota\/?p=36709"},"modified":"2017-05-26T11:15:16","modified_gmt":"2017-05-26T16:15:16","slug":"este-viernes-ooapas-dara-mantenimiento-al-canal-de-la-presa-de-cointzio","status":"publish","type":"post","link":"https:\/\/radiowebmx.com\/nota\/este-viernes-ooapas-dara-mantenimiento-al-canal-de-la-presa-de-cointzio\/","title":{"rendered":"Este viernes, OOAPAS dar\u00e1 mantenimiento al canal de la presa de Cointzio"},"content":{"rendered":"<div>\n<ul>\n<li>Se retirar\u00e1n ra\u00edces y arcilla que reducen el \u00e1rea hidr\u00e1ulica del canal.<\/li>\n<\/ul>\n<ul>\n<li>La limpieza se realizar\u00e1 de las 07:00 a las 19:00 horas.<\/li>\n<\/ul>\n<div>Debido a la baja producci\u00f3n de agua que se ha registrado en los \u00faltimos d\u00edas, el Organismo Operador de Agua Potable, Alcantarillado y Saneamiento de Morelia (OOAPAS) informa que este viernes 26 de mayo se dar\u00e1 mantenimiento al canal de la presa de Cointzio que env\u00eda agua a la Planta Potabilizadora de Santa Mar\u00eda, con el fin de recuperar vol\u00famenes de agua y mejorar as\u00ed el abastecimiento de agua de la capital michoacana.<\/p>\n<p>El mantenimiento se realiza cada a\u00f1o para retirar ra\u00edces y arcilla acumulada que reduce el \u00e1rea hidr\u00e1ulica a lo largo de los 13.6 kil\u00f3metros de longitud del canal, que conduce agua hasta la Planta Potabilizadora de Santa Mar\u00eda, donde se lleva a cabo el proceso de potabilizaci\u00f3n y de ah\u00ed se distribuye al 35% la ciudad de Morelia.<\/p>\n<p>Las labores de limpieza se llevar\u00e1n a cabo de las 07:00 a las 19:00 horas con 140 trabajadores del Organismo Operador, en una jornada intensiva de 12 horas.<\/p>\n<p>Para poder realizar esta labor, la Planta Potabilizadora de Santa Mar\u00eda dejar\u00e1 de recibir agua de la presa durante el lapso de tiempo se\u00f1alado, por lo que ser\u00e1 necesario interrumpir el servicio de agua potable en las siguientes colonias, a partir de las 07:00 horas:<\/p>\n<p><strong>COLONIAS QUE SE ABASTECEN DEL CANAL DE LA PRESA DE COINTZIO<\/strong><\/div>\n<\/div>\n<div><\/div>\n<div>01\u00a0\u00a0\u00a0\u00a0\u00a0 CENTRO<br \/>\n02\u00a0\u00a0\u00a0\u00a0\u00a0 CINCO DE DICIEMBRE<br \/>\n03\u00a0\u00a0\u00a0\u00a0\u00a0 CUAUHT\u00c9MOC<br \/>\n04\u00a0\u00a0\u00a0\u00a0\u00a0 EL P\u00cdPILA INFONAVIT<br \/>\n05\u00a0\u00a0\u00a0\u00a0\u00a0 EL PORVENIR<br \/>\n06\u00a0\u00a0\u00a0\u00a0\u00a0 ELECTRICISTAS<br \/>\n07\u00a0\u00a0\u00a0\u00a0\u00a0 F\u00c9LIX IRETA<br \/>\n08\u00a0\u00a0\u00a0\u00a0\u00a0 GRANJAS DEL MAESTRO<br \/>\n09\u00a0\u00a0\u00a0\u00a0\u00a0 HOGARES FERROCARRILES<br \/>\n10\u00a0\u00a0\u00a0\u00a0\u00a0 INDUSTRIAL<br \/>\n11\u00a0\u00a0\u00a0\u00a0\u00a0 LA LOMA<br \/>\n12\u00a0\u00a0\u00a0\u00a0\u00a0 LA MORITA<br \/>\n13\u00a0\u00a0\u00a0\u00a0\u00a0 LAS ACACIAS<br \/>\n14\u00a0\u00a0\u00a0\u00a0\u00a0 LAS CAMELINAS<br \/>\n15\u00a0\u00a0\u00a0\u00a0\u00a0 LAS CAMELINAS CONJ. HAB.<br \/>\n16\u00a0\u00a0\u00a0\u00a0\u00a0 LAS CAMELINAS INFONAVIT<br \/>\n17\u00a0\u00a0\u00a0\u00a0\u00a0 LOMAS DEL TECNOL\u00d3GICO<br \/>\n18\u00a0\u00a0\u00a0\u00a0\u00a0 MELCHOR OCAMPO<br \/>\n19\u00a0\u00a0\u00a0\u00a0\u00a0 MISI\u00d3N DE SAN DIEGO\/REAL SAN DIEGO<br \/>\n20\u00a0\u00a0\u00a0\u00a0\u00a0 NUEVA JACARANDAS<br \/>\n21\u00a0\u00a0\u00a0\u00a0\u00a0 OBRERA<br \/>\n22\u00a0\u00a0\u00a0\u00a0\u00a0 PLAN DE AYALA INFONAVIT<br \/>\n23\u00a0\u00a0\u00a0\u00a0\u00a0 PLAN DE LA GARITA<br \/>\n24\u00a0\u00a0\u00a0\u00a0\u00a0 RANCHO DEL CHARRO<br \/>\n25\u00a0\u00a0\u00a0\u00a0\u00a0 RESIDENCIAL BANUS<br \/>\n26\u00a0\u00a0\u00a0\u00a0\u00a0 SANTIAGUITO<br \/>\n27\u00a0\u00a0\u00a0\u00a0\u00a0 UNI\u00d3N EJIDAL FCO. VILLA<br \/>\n28\u00a0\u00a0\u00a0\u00a0\u00a0 VENTURA PUENTE<br \/>\n29\u00a0\u00a0\u00a0\u00a0\u00a0 VISTA CAMELINAS<\/div>\n<div><br clear=\"all\" \/><br \/>\nUna vez terminada la actividad de limpieza, se abrir\u00e1 nuevamente la v\u00e1lvula de la Presa de Cointzio para hacer llegar agua a la Planta Potabilizadora, para iniciar de inmediato el llenado de los tanques que distribuyen agua a la ciudad, por lo que el servicio empezar\u00e1 a llegar con baja presi\u00f3n en el transcurso de la noche del s\u00e1bado y normalizar\u00e1 su presi\u00f3n por completo el domingo 28 de mayo.<\/div>\n","protected":false},"excerpt":{"rendered":"<p>Se retirar\u00e1n ra\u00edces y arcilla que reducen el \u00e1rea hidr\u00e1ulica del canal. La limpieza se realizar\u00e1 de las 07:00 a las 19:00 horas. Debido a la baja producci\u00f3n de agua que se ha registrado en los \u00faltimos d\u00edas, el Organismo Operador de Agua Potable, Alcantarillado y Saneamiento de Morelia (OOAPAS) informa que este viernes 26 [&hellip;]<\/p>\n","protected":false},"author":2,"featured_media":36710,"comment_status":"closed","ping_status":"closed","sticky":false,"template":"","format":"standard","meta":{"footnotes":""},"categories":[14,9],"tags":[],"class_list":["post-36709","post","type-post","status-publish","format-standard","has-post-thumbnail","hentry","category-destacadas","category-morelia"],"_links":{"self":[{"href":"https:\/\/radiowebmx.com\/nota\/wp-json\/wp\/v2\/posts\/36709","targetHints":{"allow":["GET"]}}],"collection":[{"href":"https:\/\/radiowebmx.com\/nota\/wp-json\/wp\/v2\/posts"}],"about":[{"href":"https:\/\/radiowebmx.com\/nota\/wp-json\/wp\/v2\/types\/post"}],"author":[{"embeddable":true,"href":"https:\/\/radiowebmx.com\/nota\/wp-json\/wp\/v2\/users\/2"}],"replies":[{"embeddable":true,"href":"https:\/\/radiowebmx.com\/nota\/wp-json\/wp\/v2\/comments?post=36709"}],"version-history":[{"count":1,"href":"https:\/\/radiowebmx.com\/nota\/wp-json\/wp\/v2\/posts\/36709\/revisions"}],"predecessor-version":[{"id":36712,"href":"https:\/\/radiowebmx.com\/nota\/wp-json\/wp\/v2\/posts\/36709\/revisions\/36712"}],"wp:featuredmedia":[{"embeddable":true,"href":"https:\/\/radiowebmx.com\/nota\/wp-json\/wp\/v2\/media\/36710"}],"wp:attachment":[{"href":"https:\/\/radiowebmx.com\/nota\/wp-json\/wp\/v2\/media?parent=36709"}],"wp:term":[{"taxonomy":"category","embeddable":true,"href":"https:\/\/radiowebmx.com\/nota\/wp-json\/wp\/v2\/categories?post=36709"},{"taxonomy":"post_tag","embeddable":true,"href":"https:\/\/radiowebmx.com\/nota\/wp-json\/wp\/v2\/tags?post=36709"}],"curies":[{"name":"wp","href":"https:\/\/api.w.org\/{rel}","templated":true}]}}