{"id":36706,"date":"2017-05-25T18:36:56","date_gmt":"2017-05-25T23:36:56","guid":{"rendered":"https:\/\/radiowebmx.com\/nota\/?p=36706"},"modified":"2017-05-26T11:08:18","modified_gmt":"2017-05-26T16:08:18","slug":"inicia-cofom-integracion-del-catalogo-de-danos-ocasionados-por-incendios-forestales","status":"publish","type":"post","link":"https:\/\/radiowebmx.com\/nota\/inicia-cofom-integracion-del-catalogo-de-danos-ocasionados-por-incendios-forestales\/","title":{"rendered":"Inicia Cofom integraci\u00f3n del Cat\u00e1logo de Da\u00f1os ocasionados por incendios forestales"},"content":{"rendered":"<ul>\n<li>Dar seguimiento a las tareas de rehabilitaci\u00f3n de las zonas afectadas por los siniestros en la actual temporada de estiaje, el objetivo.<\/li>\n<\/ul>\n<p><a href=\"https:\/\/radiowebmx.com\/nota\/wp-content\/uploads\/2017\/05\/74b03caa-7570-4cd3-a071-0393ecaf9af6.jpg\"><img loading=\"lazy\" decoding=\"async\" class=\"alignnone size-medium wp-image-36707\" src=\"https:\/\/radiowebmx.com\/nota\/wp-content\/uploads\/2017\/05\/74b03caa-7570-4cd3-a071-0393ecaf9af6-595x334.jpg\" alt=\"\" width=\"595\" height=\"334\" srcset=\"https:\/\/radiowebmx.com\/nota\/wp-content\/uploads\/2017\/05\/74b03caa-7570-4cd3-a071-0393ecaf9af6-595x334.jpg 595w, https:\/\/radiowebmx.com\/nota\/wp-content\/uploads\/2017\/05\/74b03caa-7570-4cd3-a071-0393ecaf9af6.jpg 709w\" sizes=\"auto, (max-width: 595px) 100vw, 595px\" \/><\/a><\/p>\n<p>&nbsp;<\/p>\n<p>&nbsp;<\/p>\n<p><strong>Charo, Michoac\u00e1n, a 25 de mayo de 2017.- <\/strong>La administraci\u00f3n estatal que encabeza el Gobernador Silvano Aureoles Conejo, a trav\u00e9s de la Comisi\u00f3n Forestal del Estado de Michoac\u00e1n (Cofom), inici\u00f3 la integraci\u00f3n de un Cat\u00e1logo de Da\u00f1os ocasionados por los incendios forestales para dar seguimiento a las tareas de rehabilitaci\u00f3n de las zonas afectadas por los siniestros en la actual temporada de estiaje.<\/p>\n<p>&nbsp;<\/p>\n<p>El director general de la Cofom, Roberto P\u00e9rez Medrano, inform\u00f3 lo anterior al encabezar en el cerro El Vaquerito, de este municipio, las tareas de inspecci\u00f3n para determinar el inicio del fuego que, de acuerdo con la Carpeta de Investigaci\u00f3n preliminar, tendr\u00eda su origen en la intencionalidad para el cambio de uso de suelo.<\/p>\n<p>&nbsp;<\/p>\n<p>En este marco, el funcionario estatal enfatiz\u00f3 que el Gobernador Silvano Aureoles Conejo mantiene firme el compromiso por atender todas aquellas acciones que incidan sobre el deterioro al sector forestal y al medio ambiente.<\/p>\n<p>&nbsp;<\/p>\n<p>A la integraci\u00f3n de este Cat\u00e1logo se sumar\u00e1n autoridades de los tres \u00f3rdenes de Gobierno, indic\u00f3 P\u00e9rez Medrano.<\/p>\n","protected":false},"excerpt":{"rendered":"<p>Dar seguimiento a las tareas de rehabilitaci\u00f3n de las zonas afectadas por los siniestros en la actual temporada de estiaje, el objetivo. &nbsp; &nbsp; Charo, Michoac\u00e1n, a 25 de mayo de 2017.- La administraci\u00f3n estatal que encabeza el Gobernador Silvano Aureoles Conejo, a trav\u00e9s de la Comisi\u00f3n Forestal del Estado de Michoac\u00e1n (Cofom), inici\u00f3 la [&hellip;]<\/p>\n","protected":false},"author":2,"featured_media":36707,"comment_status":"closed","ping_status":"closed","sticky":false,"template":"","format":"standard","meta":{"footnotes":""},"categories":[14,3],"tags":[],"class_list":["post-36706","post","type-post","status-publish","format-standard","has-post-thumbnail","hentry","category-destacadas","category-gobierno-del-estado-de-michoacan"],"_links":{"self":[{"href":"https:\/\/radiowebmx.com\/nota\/wp-json\/wp\/v2\/posts\/36706","targetHints":{"allow":["GET"]}}],"collection":[{"href":"https:\/\/radiowebmx.com\/nota\/wp-json\/wp\/v2\/posts"}],"about":[{"href":"https:\/\/radiowebmx.com\/nota\/wp-json\/wp\/v2\/types\/post"}],"author":[{"embeddable":true,"href":"https:\/\/radiowebmx.com\/nota\/wp-json\/wp\/v2\/users\/2"}],"replies":[{"embeddable":true,"href":"https:\/\/radiowebmx.com\/nota\/wp-json\/wp\/v2\/comments?post=36706"}],"version-history":[{"count":1,"href":"https:\/\/radiowebmx.com\/nota\/wp-json\/wp\/v2\/posts\/36706\/revisions"}],"predecessor-version":[{"id":36708,"href":"https:\/\/radiowebmx.com\/nota\/wp-json\/wp\/v2\/posts\/36706\/revisions\/36708"}],"wp:featuredmedia":[{"embeddable":true,"href":"https:\/\/radiowebmx.com\/nota\/wp-json\/wp\/v2\/media\/36707"}],"wp:attachment":[{"href":"https:\/\/radiowebmx.com\/nota\/wp-json\/wp\/v2\/media?parent=36706"}],"wp:term":[{"taxonomy":"category","embeddable":true,"href":"https:\/\/radiowebmx.com\/nota\/wp-json\/wp\/v2\/categories?post=36706"},{"taxonomy":"post_tag","embeddable":true,"href":"https:\/\/radiowebmx.com\/nota\/wp-json\/wp\/v2\/tags?post=36706"}],"curies":[{"name":"wp","href":"https:\/\/api.w.org\/{rel}","templated":true}]}}