{"id":36703,"date":"2017-05-25T18:15:22","date_gmt":"2017-05-25T23:15:22","guid":{"rendered":"https:\/\/radiowebmx.com\/nota\/?p=36703"},"modified":"2017-05-26T11:03:13","modified_gmt":"2017-05-26T16:03:13","slug":"gobierno-municipal-de-morelia-no-baja-la-guardia-en-materia-de-seguridad-bernardo-leon","status":"publish","type":"post","link":"https:\/\/radiowebmx.com\/nota\/gobierno-municipal-de-morelia-no-baja-la-guardia-en-materia-de-seguridad-bernardo-leon\/","title":{"rendered":"Gobierno Municipal de Morelia, no baja la guardia en materia de seguridad: Bernardo Le\u00f3n"},"content":{"rendered":"<ul>\n<li>Lament\u00f3 las declaraciones de actores pol\u00edticos que han buscado centrar el tema de la inseguridad en la capital michoacana, y desde\u00f1ar los esfuerzos que se realizan en conjunto con el Estado y la Federaci\u00f3n.<\/li>\n<\/ul>\n<p>&nbsp;<\/p>\n<p><a href=\"https:\/\/radiowebmx.com\/nota\/wp-content\/uploads\/2017\/05\/fb842147-a807-40f8-adfb-555e85c4d89c.jpg\"><img loading=\"lazy\" decoding=\"async\" class=\"alignnone size-medium wp-image-36704\" src=\"https:\/\/radiowebmx.com\/nota\/wp-content\/uploads\/2017\/05\/fb842147-a807-40f8-adfb-555e85c4d89c-595x396.jpg\" alt=\"\" width=\"595\" height=\"396\" srcset=\"https:\/\/radiowebmx.com\/nota\/wp-content\/uploads\/2017\/05\/fb842147-a807-40f8-adfb-555e85c4d89c-595x396.jpg 595w, https:\/\/radiowebmx.com\/nota\/wp-content\/uploads\/2017\/05\/fb842147-a807-40f8-adfb-555e85c4d89c.jpg 709w\" sizes=\"auto, (max-width: 595px) 100vw, 595px\" \/><\/a><\/p>\n<div>Morelia, Mich., a 25 de Mayo de 2017<\/div>\n<p>&nbsp;<\/p>\n<div>Al ser uno de los ejes prioritarios de la actual Administraci\u00f3n, que preside el Alcalde, Alfonso Mart\u00ednez Alc\u00e1zar, el Gobierno Municipal no cesar\u00e1 hasta disminuir la incidencia delictiva en su m\u00ednima expresi\u00f3n en la ciudad, raz\u00f3n por la que en estrecha coordinaci\u00f3n con el estado y la federaci\u00f3n, redobla esfuerzos en aras de lograr este cometido.<\/p>\n<p>Lo anterior, lo ataj\u00f3 el Comisionado Municipal de Seguridad, Bernardo Le\u00f3n Olea, quien reprob\u00f3 las declaraciones de actores pol\u00edticos que han buscado centrar el tema de la inseguridad en la capital michoacana, cuando el fen\u00f3meno prevalece a nivel estatal y nacional, y las cuales intentan desde\u00f1ar los esfuerzos en conjunto que se realizan a trav\u00e9s del Grupo de Coordinaci\u00f3n para la Seguridad de Morelia, en el que participan las instancias involucradas de los tres \u00f3rdenes de Gobierno.<\/p>\n<p>Subray\u00f3 que resultado de estas mesas de trabajo, se han dirigido los esfuerzos institucionales a aquellas zonas del municipio donde m\u00e1s se requiere, con la firme intenci\u00f3n de inhibir los delitos del fuero com\u00fan; esto a trav\u00e9s no s\u00f3lo del aumento del estado de fuerza, sino tambi\u00e9n de las investigaciones y estrategias claras.<\/p>\n<p>\u201cEn ning\u00fan momento hemos dicho que la seguridad est\u00e1 resuelta en la ciudad, sin embargo, hemos redoblado acciones en coordinaci\u00f3n con el Ejecutivo Estatal y Federal para mitigar el delito en el municipio y no bajaremos la guardia hasta lograrlo\u201d, insisti\u00f3 Le\u00f3n Olea.<\/p>\n<p>En lo que compete a la Polic\u00eda de Morelia, inform\u00f3 que en lo que va del a\u00f1o, se han hecho alrededor de 200 puestas a disposici\u00f3n, m\u00e1s de un centenar de detenidos y un n\u00famero similar de autom\u00f3viles recuperados; mientras que en lo que compete a los Centros de Atenci\u00f3n a V\u00edctimas, se\u00f1al\u00f3 que se han brindado cerca de 2 mil 400 atenciones y alrededor de mil 200 denuncias.<\/p>\n<p>Asimismo, Bernardo Le\u00f3n, indic\u00f3 que contin\u00faan las acciones de proximidad social, con lo que poco a poco se ha recuperado la confianza de los morelianos en la corporaci\u00f3n, de tal manera que de enero a la fecha se han efectuado casi 80 mil actividades en la materia, es decir, visitas a comercios, reuniones vecinales operativos de vialidad y seguridad en escuelas, entre otros; adem\u00e1s de m\u00e1s de 600 diligencias atendidas en apoyo al Poder Judicial y \u00f3rganos jurisdiccionales.<\/p>\n<p>En este tenor, refiri\u00f3 que el trabajo de cercan\u00eda del cuerpo de seguridad municipal con la ciudadan\u00eda logr\u00f3 disminuir la cifra negra de denuncias, toda vez que el n\u00famero de delitos que no terminan en querella pas\u00f3 del 96 por ciento a un 89 por ciento este 2016 en comparaci\u00f3n con 2015, de tal forma que cada vez son m\u00e1s los morelianos que acuden a denunciar ante la autoridad.<\/p>\n<p>Finalmente, el encargado de la pol\u00edtica de seguridad en el municipio, refrend\u00f3 el compromiso de esta Administraci\u00f3n por continuar dando resultados a la poblaci\u00f3n, no s\u00f3lo mediante el fortalecimiento de la Polic\u00eda de Morelia y el aumento de elementos municipales, sino tambi\u00e9n de una estrategia definida de seguridad y el trabajo coordinado con el Gobierno del Estado y el Gobierno Federal.<\/p><\/div>\n","protected":false},"excerpt":{"rendered":"<p>Lament\u00f3 las declaraciones de actores pol\u00edticos que han buscado centrar el tema de la inseguridad en la capital michoacana, y desde\u00f1ar los esfuerzos que se realizan en conjunto con el Estado y la Federaci\u00f3n. &nbsp; Morelia, Mich., a 25 de Mayo de 2017 &nbsp; Al ser uno de los ejes prioritarios de la actual Administraci\u00f3n, [&hellip;]<\/p>\n","protected":false},"author":2,"featured_media":36704,"comment_status":"closed","ping_status":"closed","sticky":false,"template":"","format":"standard","meta":{"footnotes":""},"categories":[14,9],"tags":[],"class_list":["post-36703","post","type-post","status-publish","format-standard","has-post-thumbnail","hentry","category-destacadas","category-morelia"],"_links":{"self":[{"href":"https:\/\/radiowebmx.com\/nota\/wp-json\/wp\/v2\/posts\/36703","targetHints":{"allow":["GET"]}}],"collection":[{"href":"https:\/\/radiowebmx.com\/nota\/wp-json\/wp\/v2\/posts"}],"about":[{"href":"https:\/\/radiowebmx.com\/nota\/wp-json\/wp\/v2\/types\/post"}],"author":[{"embeddable":true,"href":"https:\/\/radiowebmx.com\/nota\/wp-json\/wp\/v2\/users\/2"}],"replies":[{"embeddable":true,"href":"https:\/\/radiowebmx.com\/nota\/wp-json\/wp\/v2\/comments?post=36703"}],"version-history":[{"count":1,"href":"https:\/\/radiowebmx.com\/nota\/wp-json\/wp\/v2\/posts\/36703\/revisions"}],"predecessor-version":[{"id":36705,"href":"https:\/\/radiowebmx.com\/nota\/wp-json\/wp\/v2\/posts\/36703\/revisions\/36705"}],"wp:featuredmedia":[{"embeddable":true,"href":"https:\/\/radiowebmx.com\/nota\/wp-json\/wp\/v2\/media\/36704"}],"wp:attachment":[{"href":"https:\/\/radiowebmx.com\/nota\/wp-json\/wp\/v2\/media?parent=36703"}],"wp:term":[{"taxonomy":"category","embeddable":true,"href":"https:\/\/radiowebmx.com\/nota\/wp-json\/wp\/v2\/categories?post=36703"},{"taxonomy":"post_tag","embeddable":true,"href":"https:\/\/radiowebmx.com\/nota\/wp-json\/wp\/v2\/tags?post=36703"}],"curies":[{"name":"wp","href":"https:\/\/api.w.org\/{rel}","templated":true}]}}