{"id":36694,"date":"2017-05-25T15:57:13","date_gmt":"2017-05-25T20:57:13","guid":{"rendered":"https:\/\/radiowebmx.com\/nota\/?p=36694"},"modified":"2017-05-26T10:50:26","modified_gmt":"2017-05-26T15:50:26","slug":"alista-ivem-proyecto-de-vivienda-para-familias-afectadas-por-lluvias-en-uruapan","status":"publish","type":"post","link":"https:\/\/radiowebmx.com\/nota\/alista-ivem-proyecto-de-vivienda-para-familias-afectadas-por-lluvias-en-uruapan\/","title":{"rendered":"Alista IVEM proyecto de vivienda para familias afectadas por lluvias en Uruapan"},"content":{"rendered":"<p><a href=\"https:\/\/radiowebmx.com\/nota\/wp-content\/uploads\/2017\/05\/e7388fc1-2056-4829-baf9-2215badd6559.jpg\"><img loading=\"lazy\" decoding=\"async\" class=\"alignnone size-medium wp-image-36695\" src=\"https:\/\/radiowebmx.com\/nota\/wp-content\/uploads\/2017\/05\/e7388fc1-2056-4829-baf9-2215badd6559-595x509.jpg\" alt=\"\" width=\"595\" height=\"509\" srcset=\"https:\/\/radiowebmx.com\/nota\/wp-content\/uploads\/2017\/05\/e7388fc1-2056-4829-baf9-2215badd6559-595x509.jpg 595w, https:\/\/radiowebmx.com\/nota\/wp-content\/uploads\/2017\/05\/e7388fc1-2056-4829-baf9-2215badd6559.jpg 709w\" sizes=\"auto, (max-width: 595px) 100vw, 595px\" \/><\/a><\/p>\n<p>&nbsp;<\/p>\n<p><strong>Morelia, Michoac\u00e1n, a 25 de mayo de 2017.-<\/strong> El Gobierno del Estado, a trav\u00e9s del Instituto de Vivienda del Estado de Michoac\u00e1n (IVEM), trabaja en el proyecto de vivienda para reubicar a las familias que habitaban en la barranca conocida como La Bolita, en el municipio de Uruapan, las cuales se vieron afectadas por las lluvias registradas en esa zona de la entidad.<\/p>\n<p>&nbsp;<\/p>\n<p>En reuni\u00f3n de trabajo con integrantes del Consejo Ciudadano para el Desarrollo Integral de Uruapan, la titular del IVEM, Mar\u00eda Yesmin S\u00e1nchez Huerta, precis\u00f3 que la dependencia a su cargo trabaja de la mano con autoridades estatales y municipales para dar cumplimiento a la instrucci\u00f3n del Gobernador Silvano Aureoles Conejo, de garantizar a estas personas las condiciones para mejorar su calidad de vida.<\/p>\n<p>&nbsp;<\/p>\n<p>Indic\u00f3 que como parte de las acciones que personal del IVEM realiz\u00f3, se efectu\u00f3 la supervisi\u00f3n de campo para garantizar que las familias que sean reubicadas cuenten con la garant\u00eda de que habitar\u00e1n en un lugar seguro, adem\u00e1s de que contin\u00faan las gestiones correspondientes para concretar la edificaci\u00f3n de las nuevas viviendas.<\/p>\n<p>&nbsp;<\/p>\n<p>Cabe destacar que durante el encuentro en el que estuvieron presentes representantes de las Secretar\u00edas de Desarrollo Rural y Agroalimentario y de Desarrollo Agrario, Territorial y Urbano, as\u00ed como funcionarios del Ayuntamiento de Uruapan, se acord\u00f3 dar cabal\u00a0cumplimiento a cada una de las peticiones que se hagan en la materia.<\/p>\n","protected":false},"excerpt":{"rendered":"<p>&nbsp; Morelia, Michoac\u00e1n, a 25 de mayo de 2017.- El Gobierno del Estado, a trav\u00e9s del Instituto de Vivienda del Estado de Michoac\u00e1n (IVEM), trabaja en el proyecto de vivienda para reubicar a las familias que habitaban en la barranca conocida como La Bolita, en el municipio de Uruapan, las cuales se vieron afectadas por [&hellip;]<\/p>\n","protected":false},"author":2,"featured_media":36695,"comment_status":"closed","ping_status":"closed","sticky":false,"template":"","format":"standard","meta":{"footnotes":""},"categories":[14,3],"tags":[],"class_list":["post-36694","post","type-post","status-publish","format-standard","has-post-thumbnail","hentry","category-destacadas","category-gobierno-del-estado-de-michoacan"],"_links":{"self":[{"href":"https:\/\/radiowebmx.com\/nota\/wp-json\/wp\/v2\/posts\/36694","targetHints":{"allow":["GET"]}}],"collection":[{"href":"https:\/\/radiowebmx.com\/nota\/wp-json\/wp\/v2\/posts"}],"about":[{"href":"https:\/\/radiowebmx.com\/nota\/wp-json\/wp\/v2\/types\/post"}],"author":[{"embeddable":true,"href":"https:\/\/radiowebmx.com\/nota\/wp-json\/wp\/v2\/users\/2"}],"replies":[{"embeddable":true,"href":"https:\/\/radiowebmx.com\/nota\/wp-json\/wp\/v2\/comments?post=36694"}],"version-history":[{"count":1,"href":"https:\/\/radiowebmx.com\/nota\/wp-json\/wp\/v2\/posts\/36694\/revisions"}],"predecessor-version":[{"id":36696,"href":"https:\/\/radiowebmx.com\/nota\/wp-json\/wp\/v2\/posts\/36694\/revisions\/36696"}],"wp:featuredmedia":[{"embeddable":true,"href":"https:\/\/radiowebmx.com\/nota\/wp-json\/wp\/v2\/media\/36695"}],"wp:attachment":[{"href":"https:\/\/radiowebmx.com\/nota\/wp-json\/wp\/v2\/media?parent=36694"}],"wp:term":[{"taxonomy":"category","embeddable":true,"href":"https:\/\/radiowebmx.com\/nota\/wp-json\/wp\/v2\/categories?post=36694"},{"taxonomy":"post_tag","embeddable":true,"href":"https:\/\/radiowebmx.com\/nota\/wp-json\/wp\/v2\/tags?post=36694"}],"curies":[{"name":"wp","href":"https:\/\/api.w.org\/{rel}","templated":true}]}}