{"id":36686,"date":"2017-05-26T09:34:11","date_gmt":"2017-05-26T14:34:11","guid":{"rendered":"https:\/\/radiowebmx.com\/nota\/?p=36686"},"modified":"2017-05-26T09:34:11","modified_gmt":"2017-05-26T14:34:11","slug":"a-la-comunidad-periodistica-nacional-e-internacional","status":"publish","type":"post","link":"https:\/\/radiowebmx.com\/nota\/a-la-comunidad-periodistica-nacional-e-internacional\/","title":{"rendered":"A la comunidad period\u00edstica nacional e internacional"},"content":{"rendered":"<p>A la comunidad period\u00edstica nacional e internacional<br \/>\nA las organizaciones y organismos nacionales e internacionales defensores de los derechos humanos<br \/>\nA la sociedad en general<\/p>\n<p>M\u00e1s de una semana ha transcurrido desde la desaparici\u00f3n de nuestro compa\u00f1ero periodista Salvador Adame Pardo, propietario del Canal 6TV del municipio de M\u00fagica en Michoac\u00e1n suscitada el pasado jueves 18 de mayo, sin que las acciones que el Gobierno del Estado reporta realizar en coordinaci\u00f3n con el Gobierno Federal para su localizaci\u00f3n evidencien resultado alguno.<br \/>\nHasta este momento no existe informe o pronunciamiento alguno por parte de las autoridades federales en torno al caso, solamente una declaraci\u00f3n confirmando la desaparici\u00f3n de Salvador al d\u00eda siguiente del hecho, en donde se report\u00f3 que el caso hab\u00eda sido turnado a la Fiscal\u00eda Especial para la Atenci\u00f3n de Delitos Contra la Libertad de Expresi\u00f3n.<br \/>\nSon tres los reportes que el Gobierno del Estado ha emitido en torno al asunto, el primero el 22 de mayo por parte de la Procuradur\u00eda General de Justicia del Estado, el segundo el 24 de mayo de viva voz por funcionarios estatales en reuni\u00f3n sostenida por el gobernador Silvano Aureoles Conejo con periodistas de la regi\u00f3n de Tierra Caliente en Michoac\u00e1n, y el tercero ese mismo d\u00eda por la Secretar\u00eda de Seguridad P\u00fablica del Estado.<br \/>\nLos reportes de las autoridades empezaron a emitirse cuatro d\u00edas despu\u00e9s de la desaparici\u00f3n del compa\u00f1ero Salvador, tras las acciones emprendidas por el gremio period\u00edstico del estado con el apoyo solidario de comunicadores nacionales, internacionales, organizaciones sociales y ciudadanos.<br \/>\nSalvador Adame Pardo sigue sin aparecer y no existe certeza sobre la efectividad de las acciones reportadas para dar con su paradero.<br \/>\nPor ello periodistas y trabajadores de medios de comunicaci\u00f3n que desempe\u00f1amos nuestra labor en Michoac\u00e1n convocamos a la comunidad period\u00edstica nacional e internacional, a las organizaciones y organismos nacionales e internacionales defensores de los derechos humanos y a la sociedad en general a sumarse a la exigencia al Estado Mexicano para actuar con plena seriedad en este caso y dar con el paradero a la brevedad del compa\u00f1ero Salvador Adame Pardo.<br \/>\nLos convocamos a sumarse a nuestra exigencia para que el caso de Salvador, no se convierta en un n\u00famero m\u00e1s que sume a la lista negra de periodistas asesinados y desaparecidos en M\u00e9xico.<\/p>\n<p>\u00a1Por la localizaci\u00f3n de Salvador Adame Pardo!<br \/>\n\u00a1Por un periodismo vivo!<\/p>\n<p>26 de mayo de 2017<br \/>\nMorelia, Michoac\u00e1n<\/p>\n<p><a href=\"https:\/\/radiowebmx.com\/nota\/wp-content\/uploads\/2017\/05\/18699469_1164661363639544_8014132980731039494_o.jpg\"><img loading=\"lazy\" decoding=\"async\" class=\"alignnone size-medium wp-image-36687\" src=\"https:\/\/radiowebmx.com\/nota\/wp-content\/uploads\/2017\/05\/18699469_1164661363639544_8014132980731039494_o-595x475.jpg\" alt=\"\" width=\"595\" height=\"475\" srcset=\"https:\/\/radiowebmx.com\/nota\/wp-content\/uploads\/2017\/05\/18699469_1164661363639544_8014132980731039494_o-595x475.jpg 595w, https:\/\/radiowebmx.com\/nota\/wp-content\/uploads\/2017\/05\/18699469_1164661363639544_8014132980731039494_o-768x612.jpg 768w, https:\/\/radiowebmx.com\/nota\/wp-content\/uploads\/2017\/05\/18699469_1164661363639544_8014132980731039494_o-960x766.jpg 960w, https:\/\/radiowebmx.com\/nota\/wp-content\/uploads\/2017\/05\/18699469_1164661363639544_8014132980731039494_o.jpg 1600w\" sizes=\"auto, (max-width: 595px) 100vw, 595px\" \/><\/a><\/p>\n","protected":false},"excerpt":{"rendered":"<p>A la comunidad period\u00edstica nacional e internacional A las organizaciones y organismos nacionales e internacionales defensores de los derechos humanos A la sociedad en general M\u00e1s de una semana ha transcurrido desde la desaparici\u00f3n de nuestro compa\u00f1ero periodista Salvador Adame Pardo, propietario del Canal 6TV del municipio de M\u00fagica en Michoac\u00e1n suscitada el pasado jueves [&hellip;]<\/p>\n","protected":false},"author":2,"featured_media":36687,"comment_status":"closed","ping_status":"closed","sticky":false,"template":"","format":"standard","meta":{"footnotes":""},"categories":[14],"tags":[],"class_list":["post-36686","post","type-post","status-publish","format-standard","has-post-thumbnail","hentry","category-destacadas"],"_links":{"self":[{"href":"https:\/\/radiowebmx.com\/nota\/wp-json\/wp\/v2\/posts\/36686","targetHints":{"allow":["GET"]}}],"collection":[{"href":"https:\/\/radiowebmx.com\/nota\/wp-json\/wp\/v2\/posts"}],"about":[{"href":"https:\/\/radiowebmx.com\/nota\/wp-json\/wp\/v2\/types\/post"}],"author":[{"embeddable":true,"href":"https:\/\/radiowebmx.com\/nota\/wp-json\/wp\/v2\/users\/2"}],"replies":[{"embeddable":true,"href":"https:\/\/radiowebmx.com\/nota\/wp-json\/wp\/v2\/comments?post=36686"}],"version-history":[{"count":1,"href":"https:\/\/radiowebmx.com\/nota\/wp-json\/wp\/v2\/posts\/36686\/revisions"}],"predecessor-version":[{"id":36688,"href":"https:\/\/radiowebmx.com\/nota\/wp-json\/wp\/v2\/posts\/36686\/revisions\/36688"}],"wp:featuredmedia":[{"embeddable":true,"href":"https:\/\/radiowebmx.com\/nota\/wp-json\/wp\/v2\/media\/36687"}],"wp:attachment":[{"href":"https:\/\/radiowebmx.com\/nota\/wp-json\/wp\/v2\/media?parent=36686"}],"wp:term":[{"taxonomy":"category","embeddable":true,"href":"https:\/\/radiowebmx.com\/nota\/wp-json\/wp\/v2\/categories?post=36686"},{"taxonomy":"post_tag","embeddable":true,"href":"https:\/\/radiowebmx.com\/nota\/wp-json\/wp\/v2\/tags?post=36686"}],"curies":[{"name":"wp","href":"https:\/\/api.w.org\/{rel}","templated":true}]}}