{"id":36677,"date":"2017-05-25T13:47:38","date_gmt":"2017-05-25T18:47:38","guid":{"rendered":"https:\/\/radiowebmx.com\/nota\/?p=36677"},"modified":"2017-05-25T13:54:05","modified_gmt":"2017-05-25T18:54:05","slug":"prepara-imumo-bazar-de-mujeres-morelianas-para-este-fin-de-semana","status":"publish","type":"post","link":"https:\/\/radiowebmx.com\/nota\/prepara-imumo-bazar-de-mujeres-morelianas-para-este-fin-de-semana\/","title":{"rendered":"Prepara IMUMO Bazar de Mujeres Morelianas para este fin de semana"},"content":{"rendered":"<p><a href=\"https:\/\/radiowebmx.com\/nota\/wp-content\/uploads\/2017\/05\/ccdfcd24-c643-4983-b0ea-87da03fc7fb6.jpeg\"><img loading=\"lazy\" decoding=\"async\" class=\"alignnone size-medium wp-image-36678\" src=\"https:\/\/radiowebmx.com\/nota\/wp-content\/uploads\/2017\/05\/ccdfcd24-c643-4983-b0ea-87da03fc7fb6-595x396.jpeg\" alt=\"\" width=\"595\" height=\"396\" srcset=\"https:\/\/radiowebmx.com\/nota\/wp-content\/uploads\/2017\/05\/ccdfcd24-c643-4983-b0ea-87da03fc7fb6-595x396.jpeg 595w, https:\/\/radiowebmx.com\/nota\/wp-content\/uploads\/2017\/05\/ccdfcd24-c643-4983-b0ea-87da03fc7fb6.jpeg 709w\" sizes=\"auto, (max-width: 595px) 100vw, 595px\" \/><\/a><\/p>\n<p>&nbsp;<\/p>\n<p>Con la finalidad de proporcionarles a las mujeres capacitadas por el Instituto de la Mujer Moreliana (IMUMO) un espacio donde puedan ofertar los diferentes productos que realizan artesanalmente, y con la intenci\u00f3n de continuar instruyendo y empoderando a m\u00e1s mujeres, para as\u00ed lograr que \u00e9stas puedan ser generadoras de su propio recurso econ\u00f3mico.<\/p>\n<p>El Ayuntamiento de Morelia, presidido por el Alcalde, Alfonso Mart\u00ednez Alc\u00e1zar, a trav\u00e9s del IMUMO, encabezado por Mar\u00eda Eugenia Romero Olvera, realizar\u00e1 el tradicional Bazar de Mujeres Morelianas del IMUMO el pr\u00f3ximo s\u00e1bado 27 y domingo 28 de mayo.<\/p>\n<p>Dicho bazar se realizar\u00e1 en las inmediaciones del Kiosco del Bosque Cuauht\u00e9moc de 09:00 a 18:00 horas para ambos d\u00edas, en el que se podr\u00e1n observar productos hechos artesanalmente como bordados y tejidos, herbolaria, jabones artesanales, bisuter\u00eda, salsas t\u00edpicas, dulces de tamarindo, botanas, velas art\u00edsticas, pasta flexible, manualidades artesanales, servicios de medicina alternativa natural, entre muchas otras cosas.<\/p>\n<p>El IMUMO tiene la intenci\u00f3n de realizar un bazar cada mes en lo que resta del a\u00f1o, para que con esto m\u00e1s mujeres puedan sumarse y lograr llegar a un mayor n\u00famero de beneficiadas, donde tengan un espacio para exponer sus productos.<\/p>\n<p>Por tal motivo, la Directora de la paramunicipal, Mar\u00eda Eugenia Romero Olvera, hizo una atenta invitaci\u00f3n a toda la ciudadan\u00eda para que se acerque, conviva, conozca y adquiera los diferentes productos que se elaboran, mismos para los que el IMUMO les proporcion\u00f3 los Cursos de Capacitaci\u00f3n, con la intenci\u00f3n de ayudar y generar una derrama econ\u00f3mica apoyando a m\u00e1s mujeres.<\/p>\n<p>Con esto, la actual Administraci\u00f3n Municipal contin\u00faa trabajando en la creaci\u00f3n de oportunidades y espacios que fomenten la participaci\u00f3n tanto de mujeres como hombres, en aras de enaltecer el trabajo de las mujeres y de esa manera crear un trato igualitario entre ambos.<\/p>\n","protected":false},"excerpt":{"rendered":"<p>&nbsp; Con la finalidad de proporcionarles a las mujeres capacitadas por el Instituto de la Mujer Moreliana (IMUMO) un espacio donde puedan ofertar los diferentes productos que realizan artesanalmente, y con la intenci\u00f3n de continuar instruyendo y empoderando a m\u00e1s mujeres, para as\u00ed lograr que \u00e9stas puedan ser generadoras de su propio recurso econ\u00f3mico. El [&hellip;]<\/p>\n","protected":false},"author":2,"featured_media":36678,"comment_status":"closed","ping_status":"closed","sticky":false,"template":"","format":"standard","meta":{"footnotes":""},"categories":[14,9],"tags":[],"class_list":["post-36677","post","type-post","status-publish","format-standard","has-post-thumbnail","hentry","category-destacadas","category-morelia"],"_links":{"self":[{"href":"https:\/\/radiowebmx.com\/nota\/wp-json\/wp\/v2\/posts\/36677","targetHints":{"allow":["GET"]}}],"collection":[{"href":"https:\/\/radiowebmx.com\/nota\/wp-json\/wp\/v2\/posts"}],"about":[{"href":"https:\/\/radiowebmx.com\/nota\/wp-json\/wp\/v2\/types\/post"}],"author":[{"embeddable":true,"href":"https:\/\/radiowebmx.com\/nota\/wp-json\/wp\/v2\/users\/2"}],"replies":[{"embeddable":true,"href":"https:\/\/radiowebmx.com\/nota\/wp-json\/wp\/v2\/comments?post=36677"}],"version-history":[{"count":1,"href":"https:\/\/radiowebmx.com\/nota\/wp-json\/wp\/v2\/posts\/36677\/revisions"}],"predecessor-version":[{"id":36679,"href":"https:\/\/radiowebmx.com\/nota\/wp-json\/wp\/v2\/posts\/36677\/revisions\/36679"}],"wp:featuredmedia":[{"embeddable":true,"href":"https:\/\/radiowebmx.com\/nota\/wp-json\/wp\/v2\/media\/36678"}],"wp:attachment":[{"href":"https:\/\/radiowebmx.com\/nota\/wp-json\/wp\/v2\/media?parent=36677"}],"wp:term":[{"taxonomy":"category","embeddable":true,"href":"https:\/\/radiowebmx.com\/nota\/wp-json\/wp\/v2\/categories?post=36677"},{"taxonomy":"post_tag","embeddable":true,"href":"https:\/\/radiowebmx.com\/nota\/wp-json\/wp\/v2\/tags?post=36677"}],"curies":[{"name":"wp","href":"https:\/\/api.w.org\/{rel}","templated":true}]}}