{"id":36671,"date":"2017-05-25T12:31:03","date_gmt":"2017-05-25T17:31:03","guid":{"rendered":"https:\/\/radiowebmx.com\/nota\/?p=36671"},"modified":"2017-05-25T12:31:03","modified_gmt":"2017-05-25T17:31:03","slug":"necesario-reconstruir-lo-danado-por-la-violencia-rosa-maria-de-la-torre","status":"publish","type":"post","link":"https:\/\/radiowebmx.com\/nota\/necesario-reconstruir-lo-danado-por-la-violencia-rosa-maria-de-la-torre\/","title":{"rendered":"Necesario reconstruir lo da\u00f1ado por la violencia: Rosa Mar\u00eda de la Torre"},"content":{"rendered":"<p class=\"x_MsoNormal\"><a href=\"https:\/\/radiowebmx.com\/nota\/wp-content\/uploads\/2017\/05\/Comunicado-737-1.jpg\"><img loading=\"lazy\" decoding=\"async\" class=\"alignnone size-medium wp-image-36672\" src=\"https:\/\/radiowebmx.com\/nota\/wp-content\/uploads\/2017\/05\/Comunicado-737-1-595x397.jpg\" alt=\"\" width=\"595\" height=\"397\" srcset=\"https:\/\/radiowebmx.com\/nota\/wp-content\/uploads\/2017\/05\/Comunicado-737-1-595x397.jpg 595w, https:\/\/radiowebmx.com\/nota\/wp-content\/uploads\/2017\/05\/Comunicado-737-1.jpg 709w\" sizes=\"auto, (max-width: 595px) 100vw, 595px\" \/><\/a><\/p>\n<p class=\"x_MsoNormal\">\n<p class=\"x_MsoNormal\"><b>Morelia; Michoac\u00e1n, 24 de mayo de 2017.-<\/b> \u00a0Se requieren pol\u00edticas que promuevan y ayuden a conseguir la paz social, se\u00f1al\u00f3 la diputada Rosa Mar\u00eda de la Torre al dar lectura a un posicionamiento en relaci\u00f3n a la seguridad en el estado, e hizo un llamado a las autoridades y la sociedad en general a reconstruir lo que se ha da\u00f1ado por tanta violencia, as\u00ed como buscar soluciones alternas a las ya aplicadas para combatir los males que da\u00f1an, con el prop\u00f3sito de lograr un cambio sustancial en beneficio de los michoacanos.<\/p>\n<p class=\"x_MsoNormal\">A nombre del Grupo Parlamentario del Partido Revolucionario Institucional la parlamentaria manifest\u00f3 que le preocupa, aterra y enfurece la situaci\u00f3n de inseguridad que se vive en la entidad, y lament\u00f3 que muchas familias al igual que la de ella, hayan padecido la perdida de alg\u00fan familiar v\u00edctimas de la violencia, asimismo dijo esperar que todos tengan el seguimiento adecuado por parte de las autoridades sin distingo alguno.<\/p>\n<p class=\"x_MsoNormal\">Precis\u00f3 que es una realidad que en la entidad circula gente armada sin control alguno; por ello, puntualiz\u00f3 que como legislativo se debe encontrar una manera de regular los elementos preventivos para tener un control del tema. Adem\u00e1s denunci\u00f3 que existen personas que hacen de los delitos del orden com\u00fan o del crimen organizado su forma de vida, pero tambi\u00e9n personas que han perdido toda naturaleza humana y que a la menor provocaci\u00f3n accionan un arma de fuego para aliviar sus frustraciones y su propio dolor disfrazado de prepotencia y de violencia.<\/p>\n<p class=\"x_MsoNormal\">Se\u00f1al\u00f3 que de enero a abril de este a\u00f1o, se han denunciado 209 robos a transe\u00fantes con violencia y 93 sin violencia, 818 robos de veh\u00edculos con violencia y 1484 sin violencia, 348 homicidios dolosos con arma de fuego y 28 por arma blanca; de igual manera se han denunciado 11 secuestros y 90 violaciones; y los delitos no denunciados o que no culminaron en una averiguaci\u00f3n previa fue de 92.8% a nivel nacional, lo que demuestra que la ciudadan\u00eda est\u00e1 perdiendo la confianza en las instituciones.<\/p>\n<p class=\"x_MsoNormal\">De la Torre Torres manifest\u00f3 que debemos recobrar elementos como la solidaridad, la empat\u00eda y el respeto, para no perder la tranquilidad y la confianza, procurar el poder vivir en paz de nueva cuenta, retomar la convivencia y abogar por una verdadera reconciliaci\u00f3n entre todos los miembros de la sociedad; dejar de lado los deseos de venganza y procurar un estado de bienestar y justicia, a no dejar que el miedo limite nuestras oportunidades, dejando de lado fanatismos visiones unilaterales, odio e ignorancia para avanzar hacia un futuro de desarrollo y felicidad.<\/p>\n<p class=\"x_MsoNormal\">De igual forma, la diputada de extracci\u00f3n priista reconoci\u00f3 los momentos dif\u00edciles por los que atraviesa el gremio period\u00edstico y comunicadores, quienes han dado una muestra de organizaci\u00f3n social y de cohesi\u00f3n que debemos replicar.<\/p>\n<p class=\"x_MsoNormal\">La legisladora concluy\u00f3 su participaci\u00f3n deseando \u201ca aquellos que nos han arrebatado lo que m\u00e1s am\u00e1bamos con todas mis fuerzas que su vida est\u00e9 llena de luz y de bendiciones\u201d. Y de acuerdo con la religi\u00f3n que profesa desea con sinceridad que ellos como todos los seres: \u201cPuedan encontrar la felicidad genuina y sus causas. Se vean libre de todo sufrimiento y de sus causas. Nunca se vean separados del gozo genuino y, puedan morar en la gran ecuanimidad sintiendo el mismo amor y compasi\u00f3n por los que les son cercanos y lejanos\u201d, tal como lo expresa el mantra Om Nama Shivaya.<\/p>\n<p class=\"x_MsoNormal\">Cabe destacar, que los diputados Andrea Villanueva Cano, Raymundo Arreola y Eduardo Garc\u00eda Chavira se solidarizaron con la diputada exponente y coincidieron en esperar que a la brevedad se d\u00e9 soluci\u00f3n a la situaci\u00f3n que prevalece en la entidad en materia de seguridad.<\/p>\n","protected":false},"excerpt":{"rendered":"<p>Morelia; Michoac\u00e1n, 24 de mayo de 2017.- \u00a0Se requieren pol\u00edticas que promuevan y ayuden a conseguir la paz social, se\u00f1al\u00f3 la diputada Rosa Mar\u00eda de la Torre al dar lectura a un posicionamiento en relaci\u00f3n a la seguridad en el estado, e hizo un llamado a las autoridades y la sociedad en general a reconstruir [&hellip;]<\/p>\n","protected":false},"author":2,"featured_media":36672,"comment_status":"closed","ping_status":"closed","sticky":false,"template":"","format":"standard","meta":{"footnotes":""},"categories":[6,14,7],"tags":[],"class_list":["post-36671","post","type-post","status-publish","format-standard","has-post-thumbnail","hentry","category-congreso-del-estado","category-destacadas","category-grupo-parlamentario-del-pri"],"_links":{"self":[{"href":"https:\/\/radiowebmx.com\/nota\/wp-json\/wp\/v2\/posts\/36671","targetHints":{"allow":["GET"]}}],"collection":[{"href":"https:\/\/radiowebmx.com\/nota\/wp-json\/wp\/v2\/posts"}],"about":[{"href":"https:\/\/radiowebmx.com\/nota\/wp-json\/wp\/v2\/types\/post"}],"author":[{"embeddable":true,"href":"https:\/\/radiowebmx.com\/nota\/wp-json\/wp\/v2\/users\/2"}],"replies":[{"embeddable":true,"href":"https:\/\/radiowebmx.com\/nota\/wp-json\/wp\/v2\/comments?post=36671"}],"version-history":[{"count":1,"href":"https:\/\/radiowebmx.com\/nota\/wp-json\/wp\/v2\/posts\/36671\/revisions"}],"predecessor-version":[{"id":36673,"href":"https:\/\/radiowebmx.com\/nota\/wp-json\/wp\/v2\/posts\/36671\/revisions\/36673"}],"wp:featuredmedia":[{"embeddable":true,"href":"https:\/\/radiowebmx.com\/nota\/wp-json\/wp\/v2\/media\/36672"}],"wp:attachment":[{"href":"https:\/\/radiowebmx.com\/nota\/wp-json\/wp\/v2\/media?parent=36671"}],"wp:term":[{"taxonomy":"category","embeddable":true,"href":"https:\/\/radiowebmx.com\/nota\/wp-json\/wp\/v2\/categories?post=36671"},{"taxonomy":"post_tag","embeddable":true,"href":"https:\/\/radiowebmx.com\/nota\/wp-json\/wp\/v2\/tags?post=36671"}],"curies":[{"name":"wp","href":"https:\/\/api.w.org\/{rel}","templated":true}]}}