{"id":36668,"date":"2017-05-25T12:28:30","date_gmt":"2017-05-25T17:28:30","guid":{"rendered":"https:\/\/radiowebmx.com\/nota\/?p=36668"},"modified":"2017-05-25T12:28:30","modified_gmt":"2017-05-25T17:28:30","slug":"necesario-identidad-de-genero-para-garantizar-respeto-a-la-diversidad-diputados-prd","status":"publish","type":"post","link":"https:\/\/radiowebmx.com\/nota\/necesario-identidad-de-genero-para-garantizar-respeto-a-la-diversidad-diputados-prd\/","title":{"rendered":"Necesario identidad de g\u00e9nero, para garantizar respeto a la diversidad: Diputados PRD"},"content":{"rendered":"<p class=\"x_MsoNormal\"><a href=\"https:\/\/radiowebmx.com\/nota\/wp-content\/uploads\/2017\/05\/IMG_9087.jpg\"><img loading=\"lazy\" decoding=\"async\" class=\"alignnone size-medium wp-image-36669\" src=\"https:\/\/radiowebmx.com\/nota\/wp-content\/uploads\/2017\/05\/IMG_9087-595x396.jpg\" alt=\"\" width=\"595\" height=\"396\" srcset=\"https:\/\/radiowebmx.com\/nota\/wp-content\/uploads\/2017\/05\/IMG_9087-595x396.jpg 595w, https:\/\/radiowebmx.com\/nota\/wp-content\/uploads\/2017\/05\/IMG_9087.jpg 709w\" sizes=\"auto, (max-width: 595px) 100vw, 595px\" \/><\/a><\/p>\n<p class=\"x_MsoNormal\">\n<p class=\"x_MsoNormal\"><b>Morelia; Michoac\u00e1n, 24 de mayo 2017.-<\/b>En Michoac\u00e1n es necesario seguir dando pasos firmes para combatir la discriminaci\u00f3n y garantizar el reconocimiento de los derechos humanos y la igualdad, afirmaron los diputados del PRD, Manuel L\u00f3pez Mel\u00e9ndez, Nalleli Pedraza Huerta, Belinda Iturbide D\u00edaz y Ra\u00fal Prieto G\u00f3mez, despu\u00e9s de que presentaron una iniciativa en coordinaci\u00f3n con legisladores de otras bancadas parlamentarias, para reformar el art\u00edculo 119 del C\u00f3digo Familiar del Estado, sobre la identidad de g\u00e9nero.<\/p>\n<p class=\"x_MsoNormal\">Con dicha propuesta y de aprobarse despu\u00e9s de que se analice y estudie en comisiones, coincidieron que Michoac\u00e1n cumplir\u00e1 con varios ordenamientos, entre ellos los establecidos por la Corte Interamericana de Derechos Humanos, quienes hicieron un llamado a respetar la diversidad de g\u00e9nero.<\/p>\n<p class=\"x_MsoNormal\">Al respecto, la diputada Nalleli Pedraza indic\u00f3 que con dicha reforma, se busca, simplificar el proceso del levantamiento de una nueva acta de nacimiento por reasignaci\u00f3n de concordancia sexo-gen\u00e9rica.<\/p>\n<p class=\"x_MsoNormal\">Subray\u00f3 que se busca facilitar el reconocimiento jur\u00eddico de las personas de mismo sexo y transg\u00e9neros, mediante un mecanismo administrativo ante el Registro Civil y as\u00ed evitar los proceso judiciales que requieren forzosamente la comprobaci\u00f3n de un tratamiento o procesos quir\u00fargicos de alto costo en su mayor\u00eda, y asimismo, tambi\u00e9n se trata de un requisito que vulnera la esfera de la intimidad.<\/p>\n<p class=\"x_MsoNormal\">La Presidenta de la Comisi\u00f3n de Derechos Humanos en la <span id=\"0.23157238223582755\" class=\"currentHitHighlight\">LXXIII<\/span> Legislatura Local, recalc\u00f3 que se busca generar mejores condiciones para los grupos vulnerables de la sociedad michoacana, por lo que se han aprobado diversas reformas legislativas para hacer frente a las necesidades jur\u00eddicas de las minor\u00edas.<\/p>\n<p class=\"x_MsoNormal\">Ante esta situaci\u00f3n, la diputada asegur\u00f3 que justamente con la aprobaci\u00f3n de esta iniciativa, se dar\u00e1 continuidad al reconocimiento jur\u00eddico de la identidad de las personas del mismo sexo, propiciando as\u00ed, el escenario adecuado para su libre desarrollo de la personalidad, sin restricciones ni discriminaci\u00f3n.<\/p>\n<p class=\"x_MsoNormal\">Finalmente enfatiz\u00f3 que el estado es quien tiene el deber de dotar a la ciudadan\u00eda de mecanismos r\u00e1pidos y efectivos para garantizar el goce de los derechos fundamentales de que todo ser humano es titular, sin ser sometidos a ning\u00fan tipo de acreditaci\u00f3n que pueda cuartar la dignidad y la libertad.<\/p>\n","protected":false},"excerpt":{"rendered":"<p>Morelia; Michoac\u00e1n, 24 de mayo 2017.-En Michoac\u00e1n es necesario seguir dando pasos firmes para combatir la discriminaci\u00f3n y garantizar el reconocimiento de los derechos humanos y la igualdad, afirmaron los diputados del PRD, Manuel L\u00f3pez Mel\u00e9ndez, Nalleli Pedraza Huerta, Belinda Iturbide D\u00edaz y Ra\u00fal Prieto G\u00f3mez, despu\u00e9s de que presentaron una iniciativa en coordinaci\u00f3n con [&hellip;]<\/p>\n","protected":false},"author":2,"featured_media":36669,"comment_status":"closed","ping_status":"closed","sticky":false,"template":"","format":"standard","meta":{"footnotes":""},"categories":[6,14],"tags":[],"class_list":["post-36668","post","type-post","status-publish","format-standard","has-post-thumbnail","hentry","category-congreso-del-estado","category-destacadas"],"_links":{"self":[{"href":"https:\/\/radiowebmx.com\/nota\/wp-json\/wp\/v2\/posts\/36668","targetHints":{"allow":["GET"]}}],"collection":[{"href":"https:\/\/radiowebmx.com\/nota\/wp-json\/wp\/v2\/posts"}],"about":[{"href":"https:\/\/radiowebmx.com\/nota\/wp-json\/wp\/v2\/types\/post"}],"author":[{"embeddable":true,"href":"https:\/\/radiowebmx.com\/nota\/wp-json\/wp\/v2\/users\/2"}],"replies":[{"embeddable":true,"href":"https:\/\/radiowebmx.com\/nota\/wp-json\/wp\/v2\/comments?post=36668"}],"version-history":[{"count":1,"href":"https:\/\/radiowebmx.com\/nota\/wp-json\/wp\/v2\/posts\/36668\/revisions"}],"predecessor-version":[{"id":36670,"href":"https:\/\/radiowebmx.com\/nota\/wp-json\/wp\/v2\/posts\/36668\/revisions\/36670"}],"wp:featuredmedia":[{"embeddable":true,"href":"https:\/\/radiowebmx.com\/nota\/wp-json\/wp\/v2\/media\/36669"}],"wp:attachment":[{"href":"https:\/\/radiowebmx.com\/nota\/wp-json\/wp\/v2\/media?parent=36668"}],"wp:term":[{"taxonomy":"category","embeddable":true,"href":"https:\/\/radiowebmx.com\/nota\/wp-json\/wp\/v2\/categories?post=36668"},{"taxonomy":"post_tag","embeddable":true,"href":"https:\/\/radiowebmx.com\/nota\/wp-json\/wp\/v2\/tags?post=36668"}],"curies":[{"name":"wp","href":"https:\/\/api.w.org\/{rel}","templated":true}]}}