{"id":36662,"date":"2017-05-25T12:23:33","date_gmt":"2017-05-25T17:23:33","guid":{"rendered":"https:\/\/radiowebmx.com\/nota\/?p=36662"},"modified":"2017-05-25T12:23:33","modified_gmt":"2017-05-25T17:23:33","slug":"exhorta-sigala-a-instalar-mesas-de-dialogo-con-aguacateros","status":"publish","type":"post","link":"https:\/\/radiowebmx.com\/nota\/exhorta-sigala-a-instalar-mesas-de-dialogo-con-aguacateros\/","title":{"rendered":"Exhorta Sigala a instalar mesas de di\u00e1logo con aguacateros"},"content":{"rendered":"<p><em><a href=\"https:\/\/radiowebmx.com\/nota\/wp-content\/uploads\/2017\/05\/dip.-Pascual-Sigala-1.jpg\"><img loading=\"lazy\" decoding=\"async\" class=\"alignnone size-medium wp-image-36663\" src=\"https:\/\/radiowebmx.com\/nota\/wp-content\/uploads\/2017\/05\/dip.-Pascual-Sigala-1-595x397.jpg\" alt=\"\" width=\"595\" height=\"397\" srcset=\"https:\/\/radiowebmx.com\/nota\/wp-content\/uploads\/2017\/05\/dip.-Pascual-Sigala-1-595x397.jpg 595w, https:\/\/radiowebmx.com\/nota\/wp-content\/uploads\/2017\/05\/dip.-Pascual-Sigala-1.jpg 709w\" sizes=\"auto, (max-width: 595px) 100vw, 595px\" \/><\/a><\/em><\/p>\n<p class=\"x_MsoNormal\">\n<p class=\"x_MsoNormal\"><b>Morelia; Michoac\u00e1n, 24 de mayo de 2017<\/b>.- En sesi\u00f3n ordinaria, el Pleno de la <span id=\"0.5955844455073556\" class=\"currentHitHighlight\">LXXIII<\/span> Legislatura aprob\u00f3 la propuesta de acuerdo presentada por el diputado Pascual Sigala, Presidente de la Mesa Directiva, mediante el cual se exhorta a los titulares de las instancias de los gobiernos federal y estatal para que instalen de manera conjunta, una mesa de di\u00e1logo con la participaci\u00f3n de productores, empacadores y exportadores de aguacate, as\u00ed como expertos y acad\u00e9micos.<\/p>\n<p class=\"x_MsoNormal\">Lo anterior con el prop\u00f3sito de definir los mecanismos que permitan dentro del marco legal,\u00a0 proceder a la regularizaci\u00f3n de las huertas de dicho producto y la recuperaci\u00f3n del \u00e1rea forestal del estado, as\u00ed como buscar el equilibrio entre las actividades productivas y ambientales.<\/p>\n<p class=\"x_MsoNormal\">La propuesta impulsada por el legislador perredista incluye la realizaci\u00f3n de un padr\u00f3n de huertas de aguacate que permita contar con datos reales para tomar las mejores decisiones y coadyuvar para que se realice a la brevedad la regularizaci\u00f3n del uso de suelo en las huertas que no cuentan con los permisos correspondientes, de conformidad a lo se\u00f1alado en las leyes ambientales, reglamentos, decretos y normas oficiales en la materia.<\/p>\n<p class=\"x_MsoNormal\">De igual forma, a que se instrumenten acuerdos voluntarios de aportaciones econ\u00f3micas con los sectores de la industria agropecuaria que se benefician por el uso de los servicios ambientales, sin que ello libere de las responsabilidades administrativas, ambientales, penales y\/o civiles en las que los propietarios de los predios hubieren incurrido.<\/p>\n<p class=\"x_MsoNormal\">Asimismo, a coordinar estrategias entre todos los niveles de gobierno, organizaciones de la sociedad civil y rescatistas voluntarios, para el combate frontal a los incendios forestales, mediante la creaci\u00f3n del Fondo Ambiental del Gobierno del Estado de Michoac\u00e1n, que tienen por objeto constituir un \u201cfondo verde\u201d para la consecuci\u00f3n de los objetivos de mitigaci\u00f3n y adaptaci\u00f3n del cambio clim\u00e1tico.<\/p>\n<p class=\"x_MsoNormal\">El Fondo permitir\u00e1 acceder a recursos para adquirir tecnolog\u00eda de punta necesaria para el combate de incendios forestales, entre ellos, la compra de aeronaves para acceder a los lugares siniestrados, as\u00ed como la restauraci\u00f3n de predios afectados y para la creaci\u00f3n del Instituto Michoacano del Aguacate.<\/p>\n<p class=\"x_MsoNormal\">A los esfuerzos realizados por la Secretar\u00eda del Medio Ambiente y Recursos Naturales, la Procuradur\u00eda Federal de Protecci\u00f3n al Ambiente y la Comisi\u00f3n Nacional Forestal, del \u00e1mbito federal, as\u00ed como la Secretar\u00eda del Medio Ambiente, Recursos Naturales y Cambio Clim\u00e1tico, la Secretar\u00eda de Desarrollo Rural y Agroalimentario, Procuradur\u00eda del Ambiente y Comisi\u00f3n Forestal; instancias estatales a quienes va dirigido el exhorto se extender\u00e1 una invitaci\u00f3n a la Universidad Michoacana de San Nicol\u00e1s de Hidalgo, la Universidad Aut\u00f3noma de Chapingo, la Secretar\u00eda de Innovaci\u00f3n, Ciencia y Desarrollo Tecnol\u00f3gico y el Consejo Estatal de Ecolog\u00eda.<\/p>\n<p class=\"x_MsoNormal\">En apoyo a la propuesta, hicieron uso de la tribuna los legisladores Socorro Quintana, Roberto Maldonado, Daniel Moncada, Brenda Fraga y Mary Carmen Bernal.<\/p>\n","protected":false},"excerpt":{"rendered":"<p>Morelia; Michoac\u00e1n, 24 de mayo de 2017.- En sesi\u00f3n ordinaria, el Pleno de la LXXIII Legislatura aprob\u00f3 la propuesta de acuerdo presentada por el diputado Pascual Sigala, Presidente de la Mesa Directiva, mediante el cual se exhorta a los titulares de las instancias de los gobiernos federal y estatal para que instalen de manera conjunta, [&hellip;]<\/p>\n","protected":false},"author":2,"featured_media":36663,"comment_status":"closed","ping_status":"closed","sticky":false,"template":"","format":"standard","meta":{"footnotes":""},"categories":[6,14,19],"tags":[],"class_list":["post-36662","post","type-post","status-publish","format-standard","has-post-thumbnail","hentry","category-congreso-del-estado","category-destacadas","category-grupo-parlamentario-del-prd"],"_links":{"self":[{"href":"https:\/\/radiowebmx.com\/nota\/wp-json\/wp\/v2\/posts\/36662","targetHints":{"allow":["GET"]}}],"collection":[{"href":"https:\/\/radiowebmx.com\/nota\/wp-json\/wp\/v2\/posts"}],"about":[{"href":"https:\/\/radiowebmx.com\/nota\/wp-json\/wp\/v2\/types\/post"}],"author":[{"embeddable":true,"href":"https:\/\/radiowebmx.com\/nota\/wp-json\/wp\/v2\/users\/2"}],"replies":[{"embeddable":true,"href":"https:\/\/radiowebmx.com\/nota\/wp-json\/wp\/v2\/comments?post=36662"}],"version-history":[{"count":1,"href":"https:\/\/radiowebmx.com\/nota\/wp-json\/wp\/v2\/posts\/36662\/revisions"}],"predecessor-version":[{"id":36664,"href":"https:\/\/radiowebmx.com\/nota\/wp-json\/wp\/v2\/posts\/36662\/revisions\/36664"}],"wp:featuredmedia":[{"embeddable":true,"href":"https:\/\/radiowebmx.com\/nota\/wp-json\/wp\/v2\/media\/36663"}],"wp:attachment":[{"href":"https:\/\/radiowebmx.com\/nota\/wp-json\/wp\/v2\/media?parent=36662"}],"wp:term":[{"taxonomy":"category","embeddable":true,"href":"https:\/\/radiowebmx.com\/nota\/wp-json\/wp\/v2\/categories?post=36662"},{"taxonomy":"post_tag","embeddable":true,"href":"https:\/\/radiowebmx.com\/nota\/wp-json\/wp\/v2\/tags?post=36662"}],"curies":[{"name":"wp","href":"https:\/\/api.w.org\/{rel}","templated":true}]}}