{"id":36652,"date":"2017-05-25T12:20:11","date_gmt":"2017-05-25T17:20:11","guid":{"rendered":"https:\/\/radiowebmx.com\/nota\/?p=36652"},"modified":"2017-05-25T12:20:11","modified_gmt":"2017-05-25T17:20:11","slug":"para-agustin-cardenas-la-presea-melchor-ocampo","status":"publish","type":"post","link":"https:\/\/radiowebmx.com\/nota\/para-agustin-cardenas-la-presea-melchor-ocampo\/","title":{"rendered":"Para Agust\u00edn C\u00e1rdenas la presea \u201cMelchor Ocampo\u201d"},"content":{"rendered":"<p class=\"x_gmail-MsoListParagraph\" align=\"center\"><i>El artista pl\u00e1stico fue el creador del escudo oficial del estado de Michoac\u00e1n<\/i><\/p>\n<p class=\"x_MsoNormal\">\n<p class=\"x_MsoNormal\"><a href=\"https:\/\/radiowebmx.com\/nota\/wp-content\/uploads\/2017\/05\/DSC_6376.jpg\"><img loading=\"lazy\" decoding=\"async\" class=\"alignnone size-medium wp-image-36654\" src=\"https:\/\/radiowebmx.com\/nota\/wp-content\/uploads\/2017\/05\/DSC_6376-595x396.jpg\" alt=\"\" width=\"595\" height=\"396\" srcset=\"https:\/\/radiowebmx.com\/nota\/wp-content\/uploads\/2017\/05\/DSC_6376-595x396.jpg 595w, https:\/\/radiowebmx.com\/nota\/wp-content\/uploads\/2017\/05\/DSC_6376.jpg 709w\" sizes=\"auto, (max-width: 595px) 100vw, 595px\" \/><\/a><\/p>\n<p class=\"x_MsoNormal\">\n<p class=\"x_MsoNormal\"><b>Morelia; Michoac\u00e1n, 24 de mayo de 2017.-<\/b> Por su gran trayectoria como artista michoacano, destacando como el creador del Escudo Oficial del Estado de Michoac\u00e1n de Ocampo, adem\u00e1s de contribuir e impulsar la identidad cultural de Michoac\u00e1n, el Congreso design\u00f3 en sesi\u00f3n ordinaria a Eleazar Agust\u00edn C\u00e1rdenas, como recipiendario <i>post mortem<\/i> de la presea \u201cMelchor Ocampo\u201d.<\/p>\n<p class=\"x_MsoNormal\">La propuesta para designar al fallecido artista pl\u00e1stico y m\u00fasico, fue realizada por la Diputada Brenda Fabiola Ru\u00edz Fraga Guti\u00e9rrez, Presidenta de la Comisi\u00f3n de Cultura y Artes, quien manifest\u00f3 la importancia de honrar a los art\u00edfices de la cultura michoacana que dejan legados a trav\u00e9s de obras como la de del mural centrado en la figura de Jos\u00e9 Mar\u00eda Morelos en el antiguo Palacio de Justicia en esta capital, autor\u00eda del condecorado.<\/p>\n<p class=\"x_MsoNormal\">La entrega del reconocimiento se llevar\u00e1 a cabo el 3 de junio en Sesi\u00f3n Solemne, por el titular del Poder Ejecutivo del Estado, a las 10:00 horas, en el recinto del Poder Legislativo de Michoac\u00e1n, para lo cual, el Congreso determin\u00f3 notificar a Mar\u00eda Auxilio C\u00e1rdenas Rodr\u00edguez, hija del artista, para su conocimiento y se sirva a asistir a la sesi\u00f3n mencionada, para recibir la condecoraci\u00f3n.<\/p>\n<p class=\"x_MsoNormal\">El pintor, muralista y grabador originario de Pat\u00e1mban\u00a0Michoac\u00e1n, Agust\u00edn C\u00e1rdenas Castro, falleci\u00f3 el pasado\u00a025 de octubre de 2016, dejando obras que recorren diversos lugares de la Rep\u00fablica Mexicana, entre ellos Morelia, hasta el\u00a0Sal\u00f3n de Libertadores\u00a0del Palacio de Gobierno en\u00a0Guayaquil, Ecuador.<\/p>\n<p class=\"x_MsoNormal\">Nacido el 3 de octubre de 1936, Agust\u00edn C\u00e1rdenas estudi\u00f3 en la\u00a0Academia de San Carlos, de la ciudad de M\u00e9xico; recibi\u00f3 c\u00e1tedras particulares con los maestros\u00a0Armando Garc\u00eda N\u00fa\u00f1ez\u00a0y\u00a0Diego Rivera, y encontr\u00f3 parte de su inspiraci\u00f3n art\u00edstica al lograr el primer premio en retrato hist\u00f3rico en la Academia de San Carlos.<\/p>\n","protected":false},"excerpt":{"rendered":"<p>El artista pl\u00e1stico fue el creador del escudo oficial del estado de Michoac\u00e1n Morelia; Michoac\u00e1n, 24 de mayo de 2017.- Por su gran trayectoria como artista michoacano, destacando como el creador del Escudo Oficial del Estado de Michoac\u00e1n de Ocampo, adem\u00e1s de contribuir e impulsar la identidad cultural de Michoac\u00e1n, el Congreso design\u00f3 en sesi\u00f3n [&hellip;]<\/p>\n","protected":false},"author":2,"featured_media":36654,"comment_status":"closed","ping_status":"closed","sticky":false,"template":"","format":"standard","meta":{"footnotes":""},"categories":[6,14],"tags":[],"class_list":["post-36652","post","type-post","status-publish","format-standard","has-post-thumbnail","hentry","category-congreso-del-estado","category-destacadas"],"_links":{"self":[{"href":"https:\/\/radiowebmx.com\/nota\/wp-json\/wp\/v2\/posts\/36652","targetHints":{"allow":["GET"]}}],"collection":[{"href":"https:\/\/radiowebmx.com\/nota\/wp-json\/wp\/v2\/posts"}],"about":[{"href":"https:\/\/radiowebmx.com\/nota\/wp-json\/wp\/v2\/types\/post"}],"author":[{"embeddable":true,"href":"https:\/\/radiowebmx.com\/nota\/wp-json\/wp\/v2\/users\/2"}],"replies":[{"embeddable":true,"href":"https:\/\/radiowebmx.com\/nota\/wp-json\/wp\/v2\/comments?post=36652"}],"version-history":[{"count":1,"href":"https:\/\/radiowebmx.com\/nota\/wp-json\/wp\/v2\/posts\/36652\/revisions"}],"predecessor-version":[{"id":36656,"href":"https:\/\/radiowebmx.com\/nota\/wp-json\/wp\/v2\/posts\/36652\/revisions\/36656"}],"wp:featuredmedia":[{"embeddable":true,"href":"https:\/\/radiowebmx.com\/nota\/wp-json\/wp\/v2\/media\/36654"}],"wp:attachment":[{"href":"https:\/\/radiowebmx.com\/nota\/wp-json\/wp\/v2\/media?parent=36652"}],"wp:term":[{"taxonomy":"category","embeddable":true,"href":"https:\/\/radiowebmx.com\/nota\/wp-json\/wp\/v2\/categories?post=36652"},{"taxonomy":"post_tag","embeddable":true,"href":"https:\/\/radiowebmx.com\/nota\/wp-json\/wp\/v2\/tags?post=36652"}],"curies":[{"name":"wp","href":"https:\/\/api.w.org\/{rel}","templated":true}]}}