{"id":36647,"date":"2017-05-25T12:10:12","date_gmt":"2017-05-25T17:10:12","guid":{"rendered":"https:\/\/radiowebmx.com\/nota\/?p=36647"},"modified":"2017-05-25T12:10:12","modified_gmt":"2017-05-25T17:10:12","slug":"dignifica-iifeem-infraestructura-educativa-en-madero","status":"publish","type":"post","link":"https:\/\/radiowebmx.com\/nota\/dignifica-iifeem-infraestructura-educativa-en-madero\/","title":{"rendered":"Dignifica IIFEEM infraestructura educativa en Madero"},"content":{"rendered":"<p><a href=\"https:\/\/radiowebmx.com\/nota\/wp-content\/uploads\/2017\/05\/a8cc9da6-ca73-4388-a1d9-a83b888da972.jpg\"><img loading=\"lazy\" decoding=\"async\" class=\"alignnone size-medium wp-image-36648\" src=\"https:\/\/radiowebmx.com\/nota\/wp-content\/uploads\/2017\/05\/a8cc9da6-ca73-4388-a1d9-a83b888da972-595x381.jpg\" alt=\"\" width=\"595\" height=\"381\" srcset=\"https:\/\/radiowebmx.com\/nota\/wp-content\/uploads\/2017\/05\/a8cc9da6-ca73-4388-a1d9-a83b888da972-595x381.jpg 595w, https:\/\/radiowebmx.com\/nota\/wp-content\/uploads\/2017\/05\/a8cc9da6-ca73-4388-a1d9-a83b888da972.jpg 709w\" sizes=\"auto, (max-width: 595px) 100vw, 595px\" \/><\/a><\/p>\n<p>&nbsp;<\/p>\n<p><strong>Madero, Michoac\u00e1n, a 25 de mayo de 2017.-<\/strong>\u00a0En gira de trabajo por el municipio de Madero, la directora general del Instituto de Infraestructura F\u00edsica y Educativa del Estado de Michoac\u00e1n (IIFEEM), Mar\u00eda Guadalupe D\u00edaz Chagolla,\u00a0cort\u00f3 el\u00a0list\u00f3n inaugural de las obras realizadas en el Jard\u00edn de Ni\u00f1os \u201cJos\u00e9 Ma. Morelos\u201d, ubicado en la localidad de Cancho.<\/p>\n<p>&nbsp;<\/p>\n<p>Acompa\u00f1ada del alcalde\u00a0Jorge Armando Ortega \u00c1vila, la funcionaria estatal refrend\u00f3 el compromiso del Gobernador\u00a0Silvano Aureoles Conejo de mejorar la infraestructura educativa para que las y los ni\u00f1os y j\u00f3venes cuenten con mejores herramientas para estudiar y salir adelante.<\/p>\n<p>&nbsp;<\/p>\n<p>Detall\u00f3 que en este Jard\u00edn de Ni\u00f1os se construyeron una direcci\u00f3n y una bodega, adem\u00e1s de que el plantel fue rehabilitado. La inversi\u00f3n fue de 500 mil pesos del programa Escuelas al CIEN.<\/p>\n<p>&nbsp;<\/p>\n<p>Posteriormente, las autoridades visitaron diferentes planteles del municipio para identificar las necesidades de infraestructura educativa, entre los que destacan el Telebachillerato de la localidad de Et\u00facuaro, donde hay dos aulas de palitos que ser\u00e1n sustituidas con un laboratorio y un aula, para lo cual se realizar\u00e1 en pr\u00f3ximos d\u00edas la c\u00e9dula para comenzar los trabajos pertinentes.<\/p>\n<p>&nbsp;<\/p>\n<p>El presidente municipal de Madero, Jorge Armando Ortega, agradeci\u00f3 el apoyo recibido y destac\u00f3 la gesti\u00f3n realizada por los habitantes y maestros para dignificar las escuelas de la demarcaci\u00f3n.<\/p>\n<p>&nbsp;<\/p>\n<p>Finalmente, D\u00edaz Chagolla subray\u00f3 que gracias al trabajo coordinado entre sociedad y gobierno se logran resultados positivos en beneficio de los estudiantes de Michoac\u00e1n.<\/p>\n","protected":false},"excerpt":{"rendered":"<p>&nbsp; Madero, Michoac\u00e1n, a 25 de mayo de 2017.-\u00a0En gira de trabajo por el municipio de Madero, la directora general del Instituto de Infraestructura F\u00edsica y Educativa del Estado de Michoac\u00e1n (IIFEEM), Mar\u00eda Guadalupe D\u00edaz Chagolla,\u00a0cort\u00f3 el\u00a0list\u00f3n inaugural de las obras realizadas en el Jard\u00edn de Ni\u00f1os \u201cJos\u00e9 Ma. Morelos\u201d, ubicado en la localidad de [&hellip;]<\/p>\n","protected":false},"author":2,"featured_media":36648,"comment_status":"closed","ping_status":"closed","sticky":false,"template":"","format":"standard","meta":{"footnotes":""},"categories":[14,3],"tags":[],"class_list":["post-36647","post","type-post","status-publish","format-standard","has-post-thumbnail","hentry","category-destacadas","category-gobierno-del-estado-de-michoacan"],"_links":{"self":[{"href":"https:\/\/radiowebmx.com\/nota\/wp-json\/wp\/v2\/posts\/36647","targetHints":{"allow":["GET"]}}],"collection":[{"href":"https:\/\/radiowebmx.com\/nota\/wp-json\/wp\/v2\/posts"}],"about":[{"href":"https:\/\/radiowebmx.com\/nota\/wp-json\/wp\/v2\/types\/post"}],"author":[{"embeddable":true,"href":"https:\/\/radiowebmx.com\/nota\/wp-json\/wp\/v2\/users\/2"}],"replies":[{"embeddable":true,"href":"https:\/\/radiowebmx.com\/nota\/wp-json\/wp\/v2\/comments?post=36647"}],"version-history":[{"count":1,"href":"https:\/\/radiowebmx.com\/nota\/wp-json\/wp\/v2\/posts\/36647\/revisions"}],"predecessor-version":[{"id":36649,"href":"https:\/\/radiowebmx.com\/nota\/wp-json\/wp\/v2\/posts\/36647\/revisions\/36649"}],"wp:featuredmedia":[{"embeddable":true,"href":"https:\/\/radiowebmx.com\/nota\/wp-json\/wp\/v2\/media\/36648"}],"wp:attachment":[{"href":"https:\/\/radiowebmx.com\/nota\/wp-json\/wp\/v2\/media?parent=36647"}],"wp:term":[{"taxonomy":"category","embeddable":true,"href":"https:\/\/radiowebmx.com\/nota\/wp-json\/wp\/v2\/categories?post=36647"},{"taxonomy":"post_tag","embeddable":true,"href":"https:\/\/radiowebmx.com\/nota\/wp-json\/wp\/v2\/tags?post=36647"}],"curies":[{"name":"wp","href":"https:\/\/api.w.org\/{rel}","templated":true}]}}