{"id":36617,"date":"2017-05-25T11:27:07","date_gmt":"2017-05-25T16:27:07","guid":{"rendered":"https:\/\/radiowebmx.com\/nota\/?p=36617"},"modified":"2017-05-25T11:32:44","modified_gmt":"2017-05-25T16:32:44","slug":"manana-conferencia-de-marco-lara-klahr-para-periodistas-y-comunicadores","status":"publish","type":"post","link":"https:\/\/radiowebmx.com\/nota\/manana-conferencia-de-marco-lara-klahr-para-periodistas-y-comunicadores\/","title":{"rendered":"Ma\u00f1ana, conferencia de Marco Lara Klahr para periodistas y comunicadores"},"content":{"rendered":"<p><strong>Morelia, Michoac\u00e1n, a 25 de mayo de 2017.-<\/strong> Este viernes se llevar\u00e1 a cabo la conferencia \u201cLa cobertura period\u00edstica y comunicaci\u00f3n gubernamental ante el Nuevo Sistema de Justicia Penal y los derechos humanos\u201d, la cual ser\u00e1 dictada por el periodista Marco Lara Klahr.<\/p>\n<p>&nbsp;<\/p>\n<p>Se trata de la primera de un ciclo de conferencias con periodistas y comunicadores de reconocida trayectoria, el cual es organizado por la Coordinaci\u00f3n General de Comunicaci\u00f3n Social, que encabeza Julieta L\u00f3pez Bautista.<\/p>\n<p>&nbsp;<\/p>\n<p>\u201cLa cobertura period\u00edstica y comunicaci\u00f3n gubernamental ante el Nuevo Sistema de Justicia Penal y los derechos humanos\u201d, ser\u00e1 dictada el pr\u00f3ximo viernes a partir de las 17:00 horas en el Sal\u00f3n Independencia de Casa de Gobierno, sin costo alguno para las y los asistentes.<\/p>\n<p>&nbsp;<\/p>\n<p>Lara Klahr se ha especializado en la relaci\u00f3n del periodismo con los derechos humanos y el sistema judicial, por lo que la conferencia resulta de gran relevancia en el desempe\u00f1o que realizan los medios de comunicaci\u00f3n en el marco del Nuevo Sistema de Justicia Penal.<\/p>\n<p>&nbsp;<\/p>\n<p>Es licenciado en Comunicaci\u00f3n y Periodismo por la Universidad Nacional Aut\u00f3noma de M\u00e9xico (UNAM). Tiene 36 a\u00f1os de experiencia profesional. Ha reporteado e impartido charlas y talleres en 27 pa\u00edses. Reportajes y cap\u00edtulos de libros suyos han sido traducidos al ingl\u00e9s, portugu\u00e9s, franc\u00e9s, italiano y alem\u00e1n.<\/p>\n<p>&nbsp;<\/p>\n<p>Es director del Programa de Medios y Justicia del Instituto de Justicia Procesal Penal; consultor del Programa PROJUSTICIA, Open Society Justice Initiative y Articulo 19; defensor de la audiencia y miembro del Consejo Operativo de Ibero 90.9 FM; profesor de Periodismo en la Facultad de Ciencias Pol\u00edticas y Sociales de la UNAM; director de Minimedia otromexico, sc; coordinador del Laboratorio de Periodismo, de la Cl\u00ednica Jur\u00eddica de la UNAM; y editor web de\u00a0presunciondeinocencia.org.mx\u00a0y la Red Regional por la Justicia Previa al Juicio en Am\u00e9rica Latina.<\/p>\n<p>&nbsp;<\/p>\n<p>Pertenece al equipo latinoamericano que realiza el Worlds of Journalism Study (Universidad de M\u00fcnich), como investigador asociado; es miembro de La Voladora Radio 97.3 FM, y fellow de Ashoka, y publica el blog Edad Medi@tica.<\/p>\n<p>&nbsp;<\/p>\n<p>Se ha especializado en la cobertura e investigaci\u00f3n period\u00edsticas de los conflictos, la violencia y el delito con enfoque de paz, as\u00ed como en el funcionamiento procesal del sistema de justicia penal acusatorio adversarial.<\/p>\n<p>&nbsp;<\/p>\n<p>Recibi\u00f3 el Premio Nacional de Periodismo en 2000 y 2009 en las categor\u00edas de Reportaje y Transparencia, respectivamente, as\u00ed como otros reconocimientos por su trabajo period\u00edstico enfocado en la promoci\u00f3n y defensa de los derechos humanos.<\/p>\n<p>&nbsp;<\/p>\n<p>Imparte talleres, workshops y conferencias a periodistas, comunicadores y activistas sobre cobertura noticiosa judicial, sistema de justicia penal acusatorio, consecuencias sociales de los tribunales medi\u00e1ticos, periodismo policial y judicial con enfoque del sistema acusatorio adversarial, periodismo para la paz, periodismo para la prevenci\u00f3n social de la violencia con enfoque de g\u00e9nero y periodismo de investigaci\u00f3n, as\u00ed como sobre comunicaci\u00f3n para el desarrollo.<\/p>\n<p>&nbsp;<\/p>\n<p>Form\u00f3 parte del equipo que encabez\u00f3 la audiencia ante la Comisi\u00f3n Interamericana de Derechos Humanos para denunciar al Estado Mexicano por la exhibici\u00f3n medi\u00e1tica de personas v\u00edctimas e imputadas de delito.<\/p>\n<p>&nbsp;<\/p>\n<p>A lo largo de m\u00e1s de tres d\u00e9cadas como periodista, Lara ha desarrollado una gama de servicios para la profesionalizaci\u00f3n del ejercicio period\u00edstico. Asimismo, se ha especializado en la producci\u00f3n de recursos did\u00e1cticos y pedag\u00f3gicos que se han convertido en referencia para la materia en escuelas, universidades, institutos de investigaci\u00f3n, medios de comunicaci\u00f3n y organizaciones de la sociedad civil.<\/p>\n","protected":false},"excerpt":{"rendered":"<p>Morelia, Michoac\u00e1n, a 25 de mayo de 2017.- Este viernes se llevar\u00e1 a cabo la conferencia \u201cLa cobertura period\u00edstica y comunicaci\u00f3n gubernamental ante el Nuevo Sistema de Justicia Penal y los derechos humanos\u201d, la cual ser\u00e1 dictada por el periodista Marco Lara Klahr. &nbsp; Se trata de la primera de un ciclo de conferencias con [&hellip;]<\/p>\n","protected":false},"author":2,"featured_media":0,"comment_status":"closed","ping_status":"closed","sticky":false,"template":"","format":"standard","meta":{"footnotes":""},"categories":[3],"tags":[],"class_list":["post-36617","post","type-post","status-publish","format-standard","hentry","category-gobierno-del-estado-de-michoacan"],"_links":{"self":[{"href":"https:\/\/radiowebmx.com\/nota\/wp-json\/wp\/v2\/posts\/36617","targetHints":{"allow":["GET"]}}],"collection":[{"href":"https:\/\/radiowebmx.com\/nota\/wp-json\/wp\/v2\/posts"}],"about":[{"href":"https:\/\/radiowebmx.com\/nota\/wp-json\/wp\/v2\/types\/post"}],"author":[{"embeddable":true,"href":"https:\/\/radiowebmx.com\/nota\/wp-json\/wp\/v2\/users\/2"}],"replies":[{"embeddable":true,"href":"https:\/\/radiowebmx.com\/nota\/wp-json\/wp\/v2\/comments?post=36617"}],"version-history":[{"count":1,"href":"https:\/\/radiowebmx.com\/nota\/wp-json\/wp\/v2\/posts\/36617\/revisions"}],"predecessor-version":[{"id":36618,"href":"https:\/\/radiowebmx.com\/nota\/wp-json\/wp\/v2\/posts\/36617\/revisions\/36618"}],"wp:attachment":[{"href":"https:\/\/radiowebmx.com\/nota\/wp-json\/wp\/v2\/media?parent=36617"}],"wp:term":[{"taxonomy":"category","embeddable":true,"href":"https:\/\/radiowebmx.com\/nota\/wp-json\/wp\/v2\/categories?post=36617"},{"taxonomy":"post_tag","embeddable":true,"href":"https:\/\/radiowebmx.com\/nota\/wp-json\/wp\/v2\/tags?post=36617"}],"curies":[{"name":"wp","href":"https:\/\/api.w.org\/{rel}","templated":true}]}}