{"id":366,"date":"2012-11-22T11:12:36","date_gmt":"2012-11-22T17:12:36","guid":{"rendered":"https:\/\/radiowebmx.com\/nota\/?p=366"},"modified":"2012-11-22T11:12:36","modified_gmt":"2012-11-22T17:12:36","slug":"politica-economica-estatal-dedicada-a-proyectar-y-desarrollar-las-ideas-de-empresarios-michoacanos-ricardo-martinez","status":"publish","type":"post","link":"https:\/\/radiowebmx.com\/nota\/politica-economica-estatal-dedicada-a-proyectar-y-desarrollar-las-ideas-de-empresarios-michoacanos-ricardo-martinez\/","title":{"rendered":"POL\u00cdTICA ECON\u00d3MICA ESTATAL, DEDICADA A PROYECTAR Y DESARROLLAR LAS IDEAS DE EMPRESARIOS MICHOACANOS: RICARDO MART\u00cdNEZ"},"content":{"rendered":"<p><img loading=\"lazy\" decoding=\"async\" class=\"alignnone\" src=\"http:\/\/img33.imageshack.us\/img33\/7328\/dsc0580ih.jpg\" alt=\"\" width=\"591\" height=\"311\" \/>La actual administraci\u00f3n estatal se basa en una pol\u00edtica econ\u00f3mica dedicada a proyectar y desarrollar las ideas de los empresarios michoacanos, pronunci\u00f3 Ricardo Mart\u00ednez Su\u00e1rez, secretario de Desarrollo Econ\u00f3mico, quien en representaci\u00f3n del gobernador Fausto Vallejo Figueroa, inaugur\u00f3 la XXVI EXPOVALL 2012, que se desarrollar\u00e1 en el Centro de Convenciones y Exposiciones de Morelia del 21 al 25 de noviembre.<\/p>\n<p>Durante el evento fue entregada la Presea Exavall 2012 a la dise\u00f1adora moreliana Cristina Pineda Ant\u00fanez, quien est\u00e1 a la cabeza de la firma de reconocimiento mundial Pineda Covalin.<\/p>\n<p>Por su apoyo a la organizaci\u00f3n de la Expovall fueron reconocidos Conrado Maga\u00f1a Mart\u00ednez, Renato Ferreira L\u00f3pez, Josefina Orozco S\u00e1nchez; fue premiado por su incasable labor, Salvador Ch\u00e1vez Ceballos y por ser exavalles distinguidos, recibieron reconocimiento Carlos Plaza P\u00e9rez, Juan Bosco Trevi\u00f1o Casta\u00f1eda, quien es el primer ex alumno Valladolid.<\/p>\n<p>\u201cEs importante que inculquemos una cultura del emprendurismo para que nuestros j\u00f3venes y cualquier persona que quiera dedicarse a esto pueda lograrlo\u201d, asever\u00f3 el titular de Sedeco.<\/p>\n<p>Recalc\u00f3 que Michoac\u00e1n es el estado n\u00famero uno en gesti\u00f3n de recursos, donde a trav\u00e9s del Fondo Prol\u00f3gyca se apoya a cuatro municipios con proyectos de m\u00e1s de 100 millones de pesos, adem\u00e1s de encontrarse a la cabeza en la generaci\u00f3n de fondos para la mejora regulatoria de municipios.<\/p>\n<p>Pidi\u00f3 a los presentes trabajar de la mano con el gobierno para poder bajar recursos federales, estatales y municipales enfocados en concretar los proyectos empresariales.<\/p>\n<p>Indic\u00f3 que a pesar de la situaci\u00f3n econ\u00f3mica que enfrenta la administraci\u00f3n actual, se ha podido trabajar a favor de la poblaci\u00f3n buscando las formas de apoyarla sin poner en riesgo las finanzas estatales.<\/p>\n<p>Aprovech\u00f3 la ocasi\u00f3n para reconocer la labor del presidente de la Rep\u00fablica, Felipe Calder\u00f3n Hinojosa, para traer inversi\u00f3n y desarrollo al estado, a trav\u00e9s de obras de infraestructura carretera y hospitalaria.<\/p>\n<p>Wilfrido L\u00e1zaro Medina, presidente municipal de Morelia, indic\u00f3 que este evento es un escaparate para empresarios e inversionistas michoacanos, y felicit\u00f3 al comit\u00e9 organizador por acercar estas oportunidades a la poblaci\u00f3n.<\/p>\n<p>Por su parte, Miguel Mar\u00f3n Manzur, subsecretario para la Peque\u00f1a y Mediana Empresa de la Secretar\u00eda de Econom\u00eda Federal, reconoci\u00f3 el trabajo del gobierno de Michoac\u00e1n, a trav\u00e9s de la Secretar\u00eda de Desarrollo Econ\u00f3mico, por lograr brindar el apoyo a los peque\u00f1os y medianos empresarios, pese a las limitaciones econ\u00f3micas.<\/p>\n<p>Invit\u00f3 a los empresarios michoacanos a asistir y disfrutar de este evento en el que se ofrecer\u00e1n conferencias de manera gratuita para contribuir en el desarrollo de negocios, y que adem\u00e1s se realiza durante la tercera Semana Regional PYME Michoac\u00e1n 2012.<\/p>\n<p>Al finalizar el evento, se realiz\u00f3 el corte inaugural de la Expovall, la cu\u00e1l cont\u00f3 con una inversi\u00f3n federal de dos millones 300 mil pesos, una aportaci\u00f3n estatal de un mill\u00f3n 200 mil pesos y del Comit\u00e9 Exavall 900 mil pesos; contiene 200 stands de empresas de diferentes rubros.<\/p>\n<p>Estuvieron presentes Juan Bosco Vega Parrales, presidente del Consejo de la Organizaci\u00f3n Exavall 2012; Dora Elia Herrer\u00f3n Saucedo, presidenta sustituta del Supremo Tribunal de Justicia; Sergio Sixtos Rangel, presidente del Comit\u00e9 Directivo Exavall 2012; Jos\u00e9 Luis Naranjo Esquivel, delegado federal de la Secretar\u00eda de Econom\u00eda en Michoac\u00e1n; Salvador Jara Guerrero, rector de la UMSNH, por mecionar algunos.<\/p>\n","protected":false},"excerpt":{"rendered":"<p>La actual administraci\u00f3n estatal se basa en una pol\u00edtica econ\u00f3mica dedicada a proyectar y desarrollar las ideas de los empresarios michoacanos, pronunci\u00f3 Ricardo Mart\u00ednez Su\u00e1rez, secretario de Desarrollo Econ\u00f3mico, quien en representaci\u00f3n del gobernador Fausto Vallejo Figueroa, inaugur\u00f3 la XXVI EXPOVALL 2012, que se desarrollar\u00e1 en el Centro de Convenciones y Exposiciones de Morelia del [&hellip;]<\/p>\n","protected":false},"author":1,"featured_media":0,"comment_status":"open","ping_status":"open","sticky":false,"template":"","format":"standard","meta":{"footnotes":""},"categories":[3],"tags":[],"class_list":["post-366","post","type-post","status-publish","format-standard","hentry","category-gobierno-del-estado-de-michoacan"],"_links":{"self":[{"href":"https:\/\/radiowebmx.com\/nota\/wp-json\/wp\/v2\/posts\/366","targetHints":{"allow":["GET"]}}],"collection":[{"href":"https:\/\/radiowebmx.com\/nota\/wp-json\/wp\/v2\/posts"}],"about":[{"href":"https:\/\/radiowebmx.com\/nota\/wp-json\/wp\/v2\/types\/post"}],"author":[{"embeddable":true,"href":"https:\/\/radiowebmx.com\/nota\/wp-json\/wp\/v2\/users\/1"}],"replies":[{"embeddable":true,"href":"https:\/\/radiowebmx.com\/nota\/wp-json\/wp\/v2\/comments?post=366"}],"version-history":[{"count":1,"href":"https:\/\/radiowebmx.com\/nota\/wp-json\/wp\/v2\/posts\/366\/revisions"}],"predecessor-version":[{"id":367,"href":"https:\/\/radiowebmx.com\/nota\/wp-json\/wp\/v2\/posts\/366\/revisions\/367"}],"wp:attachment":[{"href":"https:\/\/radiowebmx.com\/nota\/wp-json\/wp\/v2\/media?parent=366"}],"wp:term":[{"taxonomy":"category","embeddable":true,"href":"https:\/\/radiowebmx.com\/nota\/wp-json\/wp\/v2\/categories?post=366"},{"taxonomy":"post_tag","embeddable":true,"href":"https:\/\/radiowebmx.com\/nota\/wp-json\/wp\/v2\/tags?post=366"}],"curies":[{"name":"wp","href":"https:\/\/api.w.org\/{rel}","templated":true}]}}