{"id":3655,"date":"2013-08-26T14:03:29","date_gmt":"2013-08-26T19:03:29","guid":{"rendered":"https:\/\/radiowebmx.com\/nota\/?p=3655"},"modified":"2013-08-26T14:03:29","modified_gmt":"2013-08-26T19:03:29","slug":"rebasa-expectativas-la-feria-nacional-gastronomica-de-coyoacan","status":"publish","type":"post","link":"https:\/\/radiowebmx.com\/nota\/rebasa-expectativas-la-feria-nacional-gastronomica-de-coyoacan\/","title":{"rendered":"Rebasa expectativas \u201cLa Feria Nacional Gastron\u00f3mica de Coyoac\u00e1n\u201d"},"content":{"rendered":"<p><a href=\"https:\/\/radiowebmx.com\/nota\/wp-content\/uploads\/2013\/08\/la-foto-2.jpg\"><img loading=\"lazy\" decoding=\"async\" class=\"alignleft size-full wp-image-3656\" alt=\"la foto (2)\" src=\"https:\/\/radiowebmx.com\/nota\/wp-content\/uploads\/2013\/08\/la-foto-2.jpg\" width=\"591\" height=\"389\" \/><\/a>Rebasa expectativas \u201cLa Feria Nacional Gastron\u00f3mica de Coyoac\u00e1n\u201d, con una asistencia superior a los 50 mil visitantes y una derrama econ\u00f3mica de 15 millones de pesos.<\/p>\n<p>Juan Carlos Barrag\u00e1n V\u00e9lez organizador del evento y quien actualmente desempe\u00f1a el cargo de Director General de Desarrollo Econ\u00f3mico, Tecnol\u00f3gico y Fomento al Empleo, expres\u00f3 su satisfacci\u00f3n por la presencia de Michoac\u00e1n con los huchepos, corundas, charales, morisqueta, aporriadillo, gazpachos, carnitas y nieve de pasta; atractivos culinarios que dejaron a todos los turistas y visitantes que asistieron a la feria, \u201csorprendidos\u201d, de la extensa muestra gastron\u00f3mica de los michoacanos.<\/p>\n<p>Al respecto, el ex regidor moreliano Barrag\u00e1n Vel\u00e9z, manifest\u00f3 que son tiempos de exaltar la buena cara de Michoac\u00e1n a nivel nacional e internacional,\u00a0 \u00a0y desde el trabajo que desarrolla como funcionario en la Delegaci\u00f3n de Coyoac\u00e1n, ha intentado coadyuvar en el fortalecimiento de la econom\u00eda y la promoci\u00f3n tur\u00edstica del estado, al dar a conocer la oferta gastron\u00f3mica de la entidad y as\u00ed\u00a0 despertar el inter\u00e9s de los turistas para que visiten las distintas regiones de las tierras Michoacanas.<\/p>\n<p>As\u00ed mismo, destac\u00f3 la presencia de Oaxaca, Veracruz, Hidalgo y Ucrania durante la Feria, regiones que sin lugar a dudas no se quedaron atr\u00e1s y de igual manera ofrecieron sus mejores deleites culinarios m\u00e1s tradicionales de sus poblaciones.<\/p>\n<p>Finalmente, Juan Carlos Barrag\u00e1n Vel\u00e9z, reitero que el compromiso del Jefe Delegacional Mauricio Toledo Guti\u00e9rrez seguir\u00e1 siendo fortalecer la econom\u00eda a trav\u00e9s del fomento de la cultura, ya que durante la organizaci\u00f3n de Ferias de este tipo, se logra generar empleos directos e indirectos que beneficias a los ciudadanos de Coyoac\u00e1n.<\/p>\n","protected":false},"excerpt":{"rendered":"<p>Rebasa expectativas \u201cLa Feria Nacional Gastron\u00f3mica de Coyoac\u00e1n\u201d, con una asistencia superior a los 50 mil visitantes y una derrama econ\u00f3mica de 15 millones de pesos. Juan Carlos Barrag\u00e1n V\u00e9lez organizador del evento y quien actualmente desempe\u00f1a el cargo de Director General de Desarrollo Econ\u00f3mico, Tecnol\u00f3gico y Fomento al Empleo, expres\u00f3 su satisfacci\u00f3n por la [&hellip;]<\/p>\n","protected":false},"author":1,"featured_media":0,"comment_status":"open","ping_status":"open","sticky":false,"template":"","format":"standard","meta":{"footnotes":""},"categories":[10],"tags":[],"class_list":["post-3655","post","type-post","status-publish","format-standard","hentry","category-juan-manuel-belmonte"],"_links":{"self":[{"href":"https:\/\/radiowebmx.com\/nota\/wp-json\/wp\/v2\/posts\/3655","targetHints":{"allow":["GET"]}}],"collection":[{"href":"https:\/\/radiowebmx.com\/nota\/wp-json\/wp\/v2\/posts"}],"about":[{"href":"https:\/\/radiowebmx.com\/nota\/wp-json\/wp\/v2\/types\/post"}],"author":[{"embeddable":true,"href":"https:\/\/radiowebmx.com\/nota\/wp-json\/wp\/v2\/users\/1"}],"replies":[{"embeddable":true,"href":"https:\/\/radiowebmx.com\/nota\/wp-json\/wp\/v2\/comments?post=3655"}],"version-history":[{"count":2,"href":"https:\/\/radiowebmx.com\/nota\/wp-json\/wp\/v2\/posts\/3655\/revisions"}],"predecessor-version":[{"id":3658,"href":"https:\/\/radiowebmx.com\/nota\/wp-json\/wp\/v2\/posts\/3655\/revisions\/3658"}],"wp:attachment":[{"href":"https:\/\/radiowebmx.com\/nota\/wp-json\/wp\/v2\/media?parent=3655"}],"wp:term":[{"taxonomy":"category","embeddable":true,"href":"https:\/\/radiowebmx.com\/nota\/wp-json\/wp\/v2\/categories?post=3655"},{"taxonomy":"post_tag","embeddable":true,"href":"https:\/\/radiowebmx.com\/nota\/wp-json\/wp\/v2\/tags?post=3655"}],"curies":[{"name":"wp","href":"https:\/\/api.w.org\/{rel}","templated":true}]}}