{"id":36539,"date":"2017-05-24T12:10:41","date_gmt":"2017-05-24T17:10:41","guid":{"rendered":"https:\/\/radiowebmx.com\/nota\/?p=36539"},"modified":"2017-05-24T12:45:21","modified_gmt":"2017-05-24T17:45:21","slug":"invita-ayuntamiento-de-morelia-a-participar-en-jornada-limpiemos-morelia-2017","status":"publish","type":"post","link":"https:\/\/radiowebmx.com\/nota\/invita-ayuntamiento-de-morelia-a-participar-en-jornada-limpiemos-morelia-2017\/","title":{"rendered":"Invita Ayuntamiento de Morelia a participar en Jornada \u201cLimpiemos Morelia 2017\u201d"},"content":{"rendered":"<p><a href=\"https:\/\/radiowebmx.com\/nota\/wp-content\/uploads\/2017\/05\/da4d9ed7-c4b7-46d2-9410-408bfbaa4370.jpeg\"><img loading=\"lazy\" decoding=\"async\" class=\"alignnone size-medium wp-image-36540\" src=\"https:\/\/radiowebmx.com\/nota\/wp-content\/uploads\/2017\/05\/da4d9ed7-c4b7-46d2-9410-408bfbaa4370-595x396.jpeg\" alt=\"\" width=\"595\" height=\"396\" srcset=\"https:\/\/radiowebmx.com\/nota\/wp-content\/uploads\/2017\/05\/da4d9ed7-c4b7-46d2-9410-408bfbaa4370-595x396.jpeg 595w, https:\/\/radiowebmx.com\/nota\/wp-content\/uploads\/2017\/05\/da4d9ed7-c4b7-46d2-9410-408bfbaa4370.jpeg 709w\" sizes=\"auto, (max-width: 595px) 100vw, 595px\" \/><\/a><\/p>\n<p>&nbsp;<\/p>\n<p>Por segundo a\u00f1o consecutivo y en una clara muestra del compromiso de esta Administraci\u00f3n por garantizar la seguridad de la ciudadan\u00eda durante la temporada de lluvias, el Ayuntamiento de Morelia que encabeza el Alcalde, Alfonso Mart\u00ednez Alc\u00e1zar, llevar\u00e1 a cabo la Jornada \u201cLimpiemos Morelia 2017\u201d, este pr\u00f3ximo viernes 26 de mayo.<\/p>\n<p>Lo anterior, lo anunci\u00f3 en rueda de prensa la Regidora, Mar\u00eda Elisa Garrido P\u00e9rez,\u00a0 Coordinadora de la Comisi\u00f3n de Ecolog\u00eda, quien conmin\u00f3 a los ciudadanos a sumarse a esta causa que arrancar\u00e1 al filo de las 8:00 horas afuera de las instalaciones del Central de Autobuses del Norte de esta ciudad.<\/p>\n<p>Con la presencia del Director de Residuos S\u00f3lidos, Paulino Vel\u00e1zquez Mart\u00ednez; el Director de Medio Ambiente y Sustentabilidad, Marco Tulio Campos Vargas; el Jefe de Departamento de Alcantarillado del OOAPAS Morelia, Joaqu\u00edn Toledo; as\u00ed como las Regidoras Alma Rosa Bahena Villalobos y Adela Alejandre Flores; la Regidora, resalt\u00f3 que tras el \u00e9xito obtenido en la campa\u00f1a que se realiz\u00f3 en 2016, de nueva cuenta las instancias municipales y ciudadan\u00eda se suman para evitar complicaciones en la \u00e9poca de lluvias que se avecina en el municipio.<\/p>\n<p>\u201cEl a\u00f1o pasado tuvimos mucho \u00e9xito en la jornada de limpieza que se efectu\u00f3 en las colonias bajas de esta ciudad, en la cual se unieron ciudadanos y vecinos, logrando disminuir el riesgo por las lluvias, por lo que la expectativa es superar las metas del a\u00f1o pasado\u201d, resalt\u00f3.<\/p>\n<p>En este tenor, el Director de Medio Ambiente y Sustentabilidad, aprovech\u00f3 para invitar a la poblaci\u00f3n moreliana a sumarse a esta importante jornada no solo en el punto de reuni\u00f3n que les convoca, sino tambi\u00e9n contribuir desde las Tenencias y sus propios hogares limpiando la banqueta de su casa.<\/p>\n<p>Destac\u00f3 que esta iniciativa promovida por la Regidora, Mar\u00eda Elisa Garrido, tiene como prop\u00f3sito impulsar la participaci\u00f3n ciudadana y de los funcionarios municipales en la mejora del entorno. Especific\u00f3 que si bien de manera previa, las diferentes \u00e1reas del Gobierno Municipal han realizado acciones preventivas, este viernes la intenci\u00f3n es limpiar un \u00e1rea de 4 mil metros lineales y recolectar cerca de 50 toneladas de basura.<\/p>\n<p>A\u00f1adi\u00f3 que por parte de la Secretar\u00eda de Servicios P\u00fablicos, se sumar\u00e1n a esta actividad las Direcciones de Imagen Urbana, Mercados y Servicios Auxiliares, en tanto se contempla superar la participaci\u00f3n de m\u00e1s de mil ciudadanos y autoridades municipales que participaron el a\u00f1o pasado.<\/p>\n<p>El Jefe de Departamento de Alcantarillado del OOAPAS Morelia, por su parte, precis\u00f3 que estos trabajos abarcar\u00e1n desde la Avenida Madero Poniente hasta el Perif\u00e9rico, as\u00ed como en las colonias m\u00e1s propensas a inundaciones; puntualiz\u00f3 que en el caso del organismo operador, har\u00e1n uso de 4 unidades Vactors, con las que se revisar\u00e1n las marginales de los afluentes de agua y adelant\u00f3 que adem\u00e1s se continuar\u00e1 con la limpieza del R\u00edo Grande.<\/p>\n<p>En su oportunidad, la Regidora Alma Bahena, hizo hincapi\u00e9 en que por parte del Gobierno Municipal, mediante la brigada interinstitucional de Prevenci\u00f3n de Inundaciones, se da seguimiento de manera permanentemente a esta situaci\u00f3n, la cual ha evitado en los \u00faltimos a\u00f1os cat\u00e1strofes o inundaciones graves.<\/p>\n<p>\u201cEsta es una muestra de que el Ayuntamiento de Morelia, siempre ha estado comprometido con estas causas; dentro de lo que se destaca que por acciones como esta hemos sido galardonados en 4 ocasiones con el Jumil de Oro, tambi\u00e9n participamos en la Jornada Limpiemos Nuestro M\u00e9xico; resultados que no ser\u00edan posibles sin la colaboraci\u00f3n de la ciudadan\u00eda\u201d, indic\u00f3.<\/p>\n<p>Para finalizar, la Regidora, Adela Alejandre, invit\u00f3 a las 14 tenencias del municipio a adherirse a la campa\u00f1a \u201cLimpiemos Morelia 2017\u201d y que tanto autoridades como ciudadanos contribuyan a mejorar la ciudad.<\/p>\n","protected":false},"excerpt":{"rendered":"<p>&nbsp; Por segundo a\u00f1o consecutivo y en una clara muestra del compromiso de esta Administraci\u00f3n por garantizar la seguridad de la ciudadan\u00eda durante la temporada de lluvias, el Ayuntamiento de Morelia que encabeza el Alcalde, Alfonso Mart\u00ednez Alc\u00e1zar, llevar\u00e1 a cabo la Jornada \u201cLimpiemos Morelia 2017\u201d, este pr\u00f3ximo viernes 26 de mayo. Lo anterior, lo [&hellip;]<\/p>\n","protected":false},"author":2,"featured_media":36540,"comment_status":"closed","ping_status":"closed","sticky":false,"template":"","format":"standard","meta":{"footnotes":""},"categories":[14,9],"tags":[],"class_list":["post-36539","post","type-post","status-publish","format-standard","has-post-thumbnail","hentry","category-destacadas","category-morelia"],"_links":{"self":[{"href":"https:\/\/radiowebmx.com\/nota\/wp-json\/wp\/v2\/posts\/36539","targetHints":{"allow":["GET"]}}],"collection":[{"href":"https:\/\/radiowebmx.com\/nota\/wp-json\/wp\/v2\/posts"}],"about":[{"href":"https:\/\/radiowebmx.com\/nota\/wp-json\/wp\/v2\/types\/post"}],"author":[{"embeddable":true,"href":"https:\/\/radiowebmx.com\/nota\/wp-json\/wp\/v2\/users\/2"}],"replies":[{"embeddable":true,"href":"https:\/\/radiowebmx.com\/nota\/wp-json\/wp\/v2\/comments?post=36539"}],"version-history":[{"count":1,"href":"https:\/\/radiowebmx.com\/nota\/wp-json\/wp\/v2\/posts\/36539\/revisions"}],"predecessor-version":[{"id":36541,"href":"https:\/\/radiowebmx.com\/nota\/wp-json\/wp\/v2\/posts\/36539\/revisions\/36541"}],"wp:featuredmedia":[{"embeddable":true,"href":"https:\/\/radiowebmx.com\/nota\/wp-json\/wp\/v2\/media\/36540"}],"wp:attachment":[{"href":"https:\/\/radiowebmx.com\/nota\/wp-json\/wp\/v2\/media?parent=36539"}],"wp:term":[{"taxonomy":"category","embeddable":true,"href":"https:\/\/radiowebmx.com\/nota\/wp-json\/wp\/v2\/categories?post=36539"},{"taxonomy":"post_tag","embeddable":true,"href":"https:\/\/radiowebmx.com\/nota\/wp-json\/wp\/v2\/tags?post=36539"}],"curies":[{"name":"wp","href":"https:\/\/api.w.org\/{rel}","templated":true}]}}