{"id":36530,"date":"2017-05-24T11:42:12","date_gmt":"2017-05-24T16:42:12","guid":{"rendered":"https:\/\/radiowebmx.com\/nota\/?p=36530"},"modified":"2017-05-24T12:41:48","modified_gmt":"2017-05-24T17:41:48","slug":"coordinacion-efectiva-genera-estabilidad-en-la-region-uruapan-silvano-aureoles","status":"publish","type":"post","link":"https:\/\/radiowebmx.com\/nota\/coordinacion-efectiva-genera-estabilidad-en-la-region-uruapan-silvano-aureoles\/","title":{"rendered":"Coordinaci\u00f3n efectiva genera estabilidad en la regi\u00f3n Uruapan: Silvano Aureoles"},"content":{"rendered":"<ul>\n<li>Los resultados positivos en materia de seguridad, gracias al trabajo conjunto entre los tres \u00f3rdenes de Gobierno, destaca en la reuni\u00f3n del Grupo de Coordinaci\u00f3n para la Seguridad Local.<\/li>\n<\/ul>\n<p>&nbsp;<\/p>\n<p>&nbsp;<\/p>\n<ul>\n<li>Para disminuir los \u00edndices delictivos es necesario seguir trabajando y reforzar la prevenci\u00f3n para reconstruir el tejido social, sostiene el Gobernador Constitucional.<\/li>\n<\/ul>\n<p><a href=\"https:\/\/radiowebmx.com\/nota\/wp-content\/uploads\/2017\/05\/307a9854-8e20-4a22-9581-15775b7a9406.jpg\"><img loading=\"lazy\" decoding=\"async\" class=\"alignnone size-medium wp-image-36537\" src=\"https:\/\/radiowebmx.com\/nota\/wp-content\/uploads\/2017\/05\/307a9854-8e20-4a22-9581-15775b7a9406-595x396.jpg\" alt=\"\" width=\"595\" height=\"396\" srcset=\"https:\/\/radiowebmx.com\/nota\/wp-content\/uploads\/2017\/05\/307a9854-8e20-4a22-9581-15775b7a9406-595x396.jpg 595w, https:\/\/radiowebmx.com\/nota\/wp-content\/uploads\/2017\/05\/307a9854-8e20-4a22-9581-15775b7a9406.jpg 709w\" sizes=\"auto, (max-width: 595px) 100vw, 595px\" \/><\/a><\/p>\n<p>&nbsp;<br \/>\n<strong>Uruapan, Michoac\u00e1n, a 24 de mayo de 2017.-<\/strong> Los resultados positivos que en materia de seguridad se han alcanzado gracias al trabajo coordinado entre los tres \u00f3rdenes de Gobierno han generado mejores condiciones de estabilidad en la regi\u00f3n de Uruapan, afirm\u00f3 el Gobernador Constitucional Silvano Aureoles Conejo.<\/p>\n<p>En la reuni\u00f3n del Grupo de Coordinaci\u00f3n para la Seguridad Local de Uruapan, el mandatario estatal asegur\u00f3 que para disminuir los \u00edndices delictivos es necesario seguir trabajando y reforzar las medidas preventivas, y de esta manera reconstruir el tejido social.<\/p>\n<p>Destac\u00f3 que las acciones que la Federaci\u00f3n, Estado y Municipio implementan son para devolverle la tranquilidad a las y los michoacanos.<\/p>\n<p>Por lo anterior, Silvano Aureoles coment\u00f3 que las autoridades trabajan las 24 horas del d\u00eda, los siete d\u00edas de la semana, porque la seguridad es uno de los rubros m\u00e1s importantes en la agenda del Gobierno del Estado.<\/p>\n<p>En esta reuni\u00f3n se inform\u00f3 sobre los resultados obtenidos en los diversos operativos realizados en la regi\u00f3n de Uruapan del 17 al 23 de mayo, en los que se recuperaron dos veh\u00edculos y una motocicleta con reporte de robo; un veh\u00edculo y una motocicleta fueron remitidos al Ministerio P\u00fablico por hechos delictivos, adem\u00e1s de que dos personas se ingresaron al Ministerio P\u00fablico.<\/p>\n<p>Tambi\u00e9n fueron decomisadas diversas dosis de marihuana y 164 veh\u00edculos se despolarizaron.<\/p>\n<p>Adem\u00e1s, 97 personas fueron ingresadas a Barandilla; 15 veh\u00edculos y 60 motocicletas enviadas al corral\u00f3n, y se levantaron 64 infracciones.<\/p>\n<p>Asistieron a esta reuni\u00f3n el secretario de Gobierno, Adri\u00e1n L\u00f3pez Sol\u00eds; el comandante de la 21 Zona Militar, general Jos\u00e9 Francisco Morales C\u00e1zares; el procurador General de Justicia del Estado, Jos\u00e9 Mart\u00edn Godoy Castro; el secretario de Seguridad P\u00fablica, Juan Bernardo Corona Mart\u00ednez.<\/p>\n<p>Adem\u00e1s, el presidente municipal de Uruapan, V\u00edctor Manuel Manr\u00edquez Gonz\u00e1lez; el coordinador de la Polic\u00eda Federal, Francisco Israel Galv\u00e1n Jaime; el delegado del CISEN, Fernando Castro Miranda, entre otras autoridades.<\/p>\n","protected":false},"excerpt":{"rendered":"<p>Los resultados positivos en materia de seguridad, gracias al trabajo conjunto entre los tres \u00f3rdenes de Gobierno, destaca en la reuni\u00f3n del Grupo de Coordinaci\u00f3n para la Seguridad Local. &nbsp; &nbsp; Para disminuir los \u00edndices delictivos es necesario seguir trabajando y reforzar la prevenci\u00f3n para reconstruir el tejido social, sostiene el Gobernador Constitucional. &nbsp; Uruapan, [&hellip;]<\/p>\n","protected":false},"author":2,"featured_media":36537,"comment_status":"closed","ping_status":"closed","sticky":false,"template":"","format":"standard","meta":{"footnotes":""},"categories":[14,3],"tags":[],"class_list":["post-36530","post","type-post","status-publish","format-standard","has-post-thumbnail","hentry","category-destacadas","category-gobierno-del-estado-de-michoacan"],"_links":{"self":[{"href":"https:\/\/radiowebmx.com\/nota\/wp-json\/wp\/v2\/posts\/36530","targetHints":{"allow":["GET"]}}],"collection":[{"href":"https:\/\/radiowebmx.com\/nota\/wp-json\/wp\/v2\/posts"}],"about":[{"href":"https:\/\/radiowebmx.com\/nota\/wp-json\/wp\/v2\/types\/post"}],"author":[{"embeddable":true,"href":"https:\/\/radiowebmx.com\/nota\/wp-json\/wp\/v2\/users\/2"}],"replies":[{"embeddable":true,"href":"https:\/\/radiowebmx.com\/nota\/wp-json\/wp\/v2\/comments?post=36530"}],"version-history":[{"count":1,"href":"https:\/\/radiowebmx.com\/nota\/wp-json\/wp\/v2\/posts\/36530\/revisions"}],"predecessor-version":[{"id":36538,"href":"https:\/\/radiowebmx.com\/nota\/wp-json\/wp\/v2\/posts\/36530\/revisions\/36538"}],"wp:featuredmedia":[{"embeddable":true,"href":"https:\/\/radiowebmx.com\/nota\/wp-json\/wp\/v2\/media\/36537"}],"wp:attachment":[{"href":"https:\/\/radiowebmx.com\/nota\/wp-json\/wp\/v2\/media?parent=36530"}],"wp:term":[{"taxonomy":"category","embeddable":true,"href":"https:\/\/radiowebmx.com\/nota\/wp-json\/wp\/v2\/categories?post=36530"},{"taxonomy":"post_tag","embeddable":true,"href":"https:\/\/radiowebmx.com\/nota\/wp-json\/wp\/v2\/tags?post=36530"}],"curies":[{"name":"wp","href":"https:\/\/api.w.org\/{rel}","templated":true}]}}