{"id":3653,"date":"2013-08-26T14:00:50","date_gmt":"2013-08-26T19:00:50","guid":{"rendered":"https:\/\/radiowebmx.com\/nota\/?p=3653"},"modified":"2013-08-26T14:00:50","modified_gmt":"2013-08-26T19:00:50","slug":"temas-de-cafe-72","status":"publish","type":"post","link":"https:\/\/radiowebmx.com\/nota\/temas-de-cafe-72\/","title":{"rendered":"TEMAS DE CAF\u00c9"},"content":{"rendered":"<p><a href=\"https:\/\/radiowebmx.com\/nota\/wp-content\/uploads\/2013\/06\/temas-de-cafe.jpg\"><img loading=\"lazy\" decoding=\"async\" class=\"alignleft size-full wp-image-2805\" alt=\"temas de cafe\" src=\"https:\/\/radiowebmx.com\/nota\/wp-content\/uploads\/2013\/06\/temas-de-cafe.jpg\" width=\"295\" height=\"171\" \/><\/a>+ HAY DIARQUIA EN MICHOACAN<\/p>\n<p>+ A CERRAR FILAS CON J. REYNA<\/p>\n<p>+ LAS INDEPENDIENTES, AL 0.26<\/p>\n<p>+ TIERRA CALIENTE, PRIORIDAD<\/p>\n<p>Loa C\u00e1rdenas est\u00e1n de regreso, parec\u00eda que su era hab\u00eda quedado en una buena parte del siglo pasado y una peque\u00f1a parte de este, recordar\u00e1 usted que el general L\u00e1zaro C\u00e1rdenas fue gobernador interino de Michoac\u00e1n, despu\u00e9s fue gobernador mediante las urnas, el general y senador de la rep\u00fablica D\u00e1maso C\u00e1rdenas, fue gobernador del estado, m\u00e1s tarde el ingeniero Cuauht\u00e9moc C\u00e1rdenas, tambi\u00e9n fue senador de la rep\u00fablica y gobernador de Michoac\u00e1n, y a principios de este siglo, L\u00e1zaro C\u00e1rdenas Batel, fue tambi\u00e9n senador de la rep\u00fablica y gobernador de Michoac\u00e1n, y ahora con este renacimiento del general y del ingeniero Cuauht\u00e9moc, hay adoradores de los C\u00e1rdenas, que sue\u00f1an con llevar a la candidatura del PRD y\u00a0 al gobierno del estado, al arquitecto Cuauht\u00e9moc C\u00e1rdenas Batel.<\/p>\n<p>CUAUHTEMOC CARDENAS BATEL Y CAMILA<\/p>\n<p>La Dinast\u00eda C\u00e1rdenas en Michoac\u00e1n es s\u00f3lida, como se lo\u00a0 comentamos, tal vez por esto es que muchos Cardenistas y uno que otro Cardenero sue\u00f1a, con impulsar la candidatura de Cuauht\u00e9moc, quien como usted sabe en Michoac\u00e1n tiene dos actividades, una que m\u00e1s o menos sale bien, y otra que la verdad ha sido uno de los grandes fracasos, en la primera actividad que m\u00e1s o menos sale bien, es el Festival Internacional del Cine, que siempre ha contado con directores, artistas y productores de renombre nacional e internacional, y que en momentos complicados, ha ayudado a mejorar la imagen de Morelia.<\/p>\n<p>EL TEATRO MARIANO MATAMOROS, SU WATERLOO<\/p>\n<p>Generalmente las obras y acciones presididas por alg\u00fan C\u00e1rdenas funciona bien, porque nadie se atreve a negarles apoyos y recursos, pero en esta ocasi\u00f3n, el Teatro Matamoros lo que anteriormente era el cine Colonial, ha sido un fracaso total y absolutamente, y aunque el proyecto dado a conocer, es de primer mundo, con avances cient\u00edficos y tecnol\u00f3gicos nunca vistos en nuestro medio, lo cierto es que hasta ahora ha sido una burla para los morelianos y michoacanos en general.<\/p>\n<p>Aparte de que es hoy un adefesio que l\u00f3gicamente, rompe con la armon\u00eda arquitect\u00f3nica, de la Plaza de Armas el\u00a0 ex cine Colonial, en vez de haber sido adquirido por el ayuntamiento moreliano, mejor hubiera sido adquirido por un banco, y ya lo hubieran remodelado y por lo menos, enriquecido ese bello rinc\u00f3n de la Plaza de Armas, uno de los lugares m\u00e1s representativos de la capital michoacana, donde destacan hist\u00f3ricas casonas, el kiosco, la Catedral y el Palacio de Gobierno, y es que la remodelaci\u00f3n del ex cine Colonia y su conversi\u00f3n en teatro Matamoros, ha costado mucho dinero y tiempo, de acuerdo a los \u00faltimos informes, se han invertido m\u00e1s de 200 millones de pesos, y faltan m\u00e1s de cien para continuar con los trabajos, qui\u00e9n sabe cu\u00e1nto haga falta para terminarlo.<\/p>\n<p>EL GOBIERNO NI ASI QUEDA BIEN CON TELEVISA<\/p>\n<p>\u00daltimamente no se sabe mucho sobre el CRIT,\u00a0 del Telet\u00f3n de Televisa, se supone que deber\u00e1 ser inaugurado el mes entrante y que deber\u00e1 ser el protagonista central, del Telet\u00f3n anual de Televisa, para diciembre de este a\u00f1o, este CRIT que tuvo mu muchas cr\u00edticas y elogios hace varios meses, y que finalmente se empez\u00f3 a construir en los terrenos de la feria moreliana, all\u00e1 por los terrenos de Santiaguito, y es que este CRIT ha causado sorpresa a nivel nacional, por la forma en que se estructur\u00f3, la aportaci\u00f3n de Michoac\u00e1n, cuando estaba en el gobierno Fausto Vallejo a pesar de la situaci\u00f3n financiera en que ya estaba Michoac\u00e1n.<\/p>\n<p>Poca gente entiende porqu\u00e9 el gobierno de Michoac\u00e1n, para quedar bien con Televisa, le entreg\u00f3 un terreno que tiene un valor de 140 millones de pesos para construir el CRIT, dentro de la ciudad cuando ah\u00ed hubieran quedado perfectamente bien los hospitales nuevos del IMSS\u00a0 y del ISSSTE, en vez en construirlos lejos de Morelia, alg\u00fan d\u00eda cuando la informaci\u00f3n se d\u00e9 a conocer sabremos realmente el por qu\u00e9 se construyeron hasta all\u00e1, no en Morelia sino en terrenos de Charo, seguramente dos o tres personajes\u00a0 salieron con excelentes ganancias.<\/p>\n<p>400 MILLONES EN 10 A\u00d1OS, TELEVISA PUSO 200 DE 475<\/p>\n<p>Los medios nacionales ahora que se acerca el fin de a\u00f1o, y que tradicionalmente Televisa inaugura un CRIT, en Morelia ser\u00e1 el n\u00famero 21 en el pa\u00eds, o sea que tienen por lo menos 21\u00a0\u00a0\u00a0\u00a0\u00a0\u00a0\u00a0\u00a0\u00a0 a\u00f1os haciendo esto, el costo se asegura ser\u00e1 de unos 600 pesos, y Televisa aporta solamente 200, de los 475 que reuni\u00f3 el a\u00f1o pasado en su telet\u00f3n navide\u00f1o, donde todos ponen y donde a pesar de la magra situaci\u00f3n financiera de Michoac\u00e1n, el entonces gobernador Fausto Vallejo, aport\u00f3 27 millones de pesos, ante la sorpresa de todos los mexicanos.<\/p>\n<p>FAUSTO VALLEJO JR Y ERNESTO: EL GOBERNADOR ES JESUS<\/p>\n<p>Coincidieron tanto Fausto Vallejo Mora, y Ernesto N\u00fa\u00f1ez el primero hijo del gobernador con licencia, quien por cierto ya<\/p>\n<p>fue dado de alta, como le comentamos hace unas dos semanas, pero eso no quiere decir, que est\u00e9 apto para gobernar un estado como Michoac\u00e1n, la cuesti\u00f3n es que en las redes se ha dado a conocer,\u00a0 que Fausto fue dado de alta y que en unos d\u00edas m\u00e1s estar\u00e1 en Morelia, y est\u00e1 bien, la cuesti\u00f3n es que no sabemos si tiene la capacidad f\u00edsica, mental no dudamos, para gobernar a un estado tan conflictivo como Michoac\u00e1n, la cuesti\u00f3n es que tambi\u00e9n Ernesto N\u00fa\u00f1ez, en su primer informe como diputado federal, coincidi\u00f3 en llamar a a los michoacanos, a cerrar filas en torno de Jes\u00fas Reyna.<\/p>\n<p>LAS DIARQUIAS NUNCA HAN FUNCIONADO BIEN<\/p>\n<p>Hist\u00f3ricamente ni las diarqu\u00edas ni los triunviratos han funcionado bien siempre salen mal, por eso nos llama la atenci\u00f3n el llamado de Ernesto N\u00fa\u00f1ez, quien reconoci\u00f3 igual que Fausto Vallejo Jr., que en Michoac\u00e1n manda Jes\u00fas Reyna, porque as\u00ed debe ser, en este aspecto se le debe fortalecer a Jes\u00fas el mando, para que pueda entregar buenos resultados a los michoacanos y a la Federaci\u00f3n, de otra manera no vendr\u00e1 el presidente Pe\u00f1a Nieto, pero lo dijo Ernesto, solamente puede venir cuando las cosas hayan mejorado en la entidad.<\/p>\n<p>INFORMACION O ENTENDIMIENTO DIFERENTE<\/p>\n<p>Osorio Chong en su \u00faltima visita a Michoac\u00e1n, en la cual le comentamos que lo desaprovecharon, les dijo que quer\u00eda propuestas concretas, no discursos que ya hab\u00eda escuchado y pocos le entendieron, esperamos que cuando venga otra vez, o los secretarios ya les tengan proyectos por \u00a0regi\u00f3n y por sector, y cuando ya se desped\u00eda Osorio coment\u00f3 que el presidente, estar\u00eda por Michoac\u00e1n en unas semanas m\u00e1s. Pero igual de qu\u00e9 importa que venga, si solamente no la vamos a dar quejas, no, lo importante es presentarle cuatro o cinco proyectos, que puedan iniciarse\u00a0 en dos semanas o una.<\/p>\n<p>ATENCION ESPECIAL PARA LA TIERRA CALIENTE<\/p>\n<p>La regi\u00f3n de Tierra Caliente se encuentra integrada, de 24 municipios, la mayor\u00eda en Michoac\u00e1n, 14 mientras que Guerrero tiene 9 y el estado de M\u00e9xico uno, ah\u00ed todo es diferente, en cuanto a cultura, clima no se diga, gastronom\u00eda y recursos naturales y ah\u00ed, es donde se concentra una buena parte de la inseguridad, por ello el diputado federal\u00a0 Salvador Ortiz dijo, que hay decisi\u00f3n de la Federaci\u00f3n, concretamente del presidente Pe\u00f1a Nieto, de ponerle atenci\u00f3n especial a la Tierra Caliente, no solamente en cuesti\u00f3n de seguridad, sino de inversiones que permitan detonar las potencialidades que tiene esta regi\u00f3n, principalmente pesqueras, ganaderas, frut\u00edcolas y mineras.<\/p>\n<p>AQU\u00cd 2%, NACIONAL 0.26 PARA LOS INDEPENDIENTES<\/p>\n<p>Cuando los diputados michoacanos, pusieron tantos candados a las candidaturas independientes, les comentamos que era injusto y a nivel nacional, se acaban de reglamentar las candidaturas independientes y mientras aqu\u00ed, exigen el apoyo del 2 por ciento del padr\u00f3n, a nivel nacional, solamente ser\u00e1 del 0.26 por ciento del padr\u00f3n, con esto se demuestra que efectivamente a nivel nacional, se crean las posibilidades, para que se rompa el monopolio que existe, para las candidaturas ya que solamente se pod\u00edan hacer, a trav\u00e9s de los partidos pol\u00edticos, pero ahora ya no, la sociedad organizada tambi\u00e9n tendr\u00e1 posibilidades, de proponer a sus candidatos, esto esperamos obligar\u00e1 a los partidos\u00a0 a ser m\u00e1s selectivos, con sus candidatos al menos esa es la idea. Solamente falta que el financiamiento sea igual, para los que propongan los partidos, como la ciudadan\u00eda, para que haya mayor equida<\/p>\n","protected":false},"excerpt":{"rendered":"<p>+ HAY DIARQUIA EN MICHOACAN<br \/>\n+ A CERRAR FILAS CON J. REYNA<br \/>\n+ LAS INDEPENDIENTES, AL 0.26<br \/>\n+ TIERRA CALIENTE, PRIORIDAD\t<\/p>\n","protected":false},"author":1,"featured_media":0,"comment_status":"open","ping_status":"open","sticky":false,"template":"","format":"standard","meta":{"footnotes":""},"categories":[4,10],"tags":[],"class_list":["post-3653","post","type-post","status-publish","format-standard","hentry","category-columnistas","category-juan-manuel-belmonte"],"_links":{"self":[{"href":"https:\/\/radiowebmx.com\/nota\/wp-json\/wp\/v2\/posts\/3653","targetHints":{"allow":["GET"]}}],"collection":[{"href":"https:\/\/radiowebmx.com\/nota\/wp-json\/wp\/v2\/posts"}],"about":[{"href":"https:\/\/radiowebmx.com\/nota\/wp-json\/wp\/v2\/types\/post"}],"author":[{"embeddable":true,"href":"https:\/\/radiowebmx.com\/nota\/wp-json\/wp\/v2\/users\/1"}],"replies":[{"embeddable":true,"href":"https:\/\/radiowebmx.com\/nota\/wp-json\/wp\/v2\/comments?post=3653"}],"version-history":[{"count":1,"href":"https:\/\/radiowebmx.com\/nota\/wp-json\/wp\/v2\/posts\/3653\/revisions"}],"predecessor-version":[{"id":3654,"href":"https:\/\/radiowebmx.com\/nota\/wp-json\/wp\/v2\/posts\/3653\/revisions\/3654"}],"wp:attachment":[{"href":"https:\/\/radiowebmx.com\/nota\/wp-json\/wp\/v2\/media?parent=3653"}],"wp:term":[{"taxonomy":"category","embeddable":true,"href":"https:\/\/radiowebmx.com\/nota\/wp-json\/wp\/v2\/categories?post=3653"},{"taxonomy":"post_tag","embeddable":true,"href":"https:\/\/radiowebmx.com\/nota\/wp-json\/wp\/v2\/tags?post=3653"}],"curies":[{"name":"wp","href":"https:\/\/api.w.org\/{rel}","templated":true}]}}