{"id":36513,"date":"2017-05-24T12:08:44","date_gmt":"2017-05-24T17:08:44","guid":{"rendered":"https:\/\/radiowebmx.com\/nota\/?p=36513"},"modified":"2017-05-24T12:08:44","modified_gmt":"2017-05-24T17:08:44","slug":"diputados-del-prd-van-por-la-identidad-de-genero-en-michoacan","status":"publish","type":"post","link":"https:\/\/radiowebmx.com\/nota\/diputados-del-prd-van-por-la-identidad-de-genero-en-michoacan\/","title":{"rendered":"Diputados del PRD van por la identidad de g\u00e9nero en Michoac\u00e1n"},"content":{"rendered":"<p class=\"x_MsoNormal\"><a href=\"https:\/\/radiowebmx.com\/nota\/wp-content\/uploads\/2017\/05\/Fracci\u00f3n-Parlamentaria-PRD.jpg\"><img loading=\"lazy\" decoding=\"async\" class=\"alignnone size-medium wp-image-36514\" src=\"https:\/\/radiowebmx.com\/nota\/wp-content\/uploads\/2017\/05\/Fracci\u00f3n-Parlamentaria-PRD-595x396.jpg\" alt=\"\" width=\"595\" height=\"396\" srcset=\"https:\/\/radiowebmx.com\/nota\/wp-content\/uploads\/2017\/05\/Fracci\u00f3n-Parlamentaria-PRD-595x396.jpg 595w, https:\/\/radiowebmx.com\/nota\/wp-content\/uploads\/2017\/05\/Fracci\u00f3n-Parlamentaria-PRD.jpg 709w\" sizes=\"auto, (max-width: 595px) 100vw, 595px\" \/><\/a><\/p>\n<p class=\"x_MsoNormal\">\n<p class=\"x_MsoNormal\"><b>Morelia; Michoac\u00e1n, 23 de mayo de 2017<\/b>.- Con el objetivo de garantizar la igualdad, as\u00ed como fortalecer los derechos de los michoacanos y cerrar filas contra\u00a0 la discriminaci\u00f3n, se presentar\u00e1 ante el pleno de la <span id=\"0.15245557674957144\" class=\"currentHitHighlight\">LXXIII<\/span> Legislatura Local, una iniciativa de decreto para reformar el art\u00edculo 119 del C\u00f3digo Familiar del Estado de Michoac\u00e1n, a trav\u00e9s de la que se da el reconocimiento legal de la identidad de g\u00e9nero de personas transexuales, afirmaron los diputados del Grupo Parlamentario del PRD, Manuel L\u00f3pez Mel\u00e9ndez, Nalleli Pedraza Huerta, Belinda Iturbide D\u00edaz y Ra\u00fal Prieto G\u00f3mez.<\/p>\n<p class=\"x_MsoNormal\">En ese sentido, los diputados del Grupo Parlamentario del Partido de la Revoluci\u00f3n Democr\u00e1tica, expusieron que dicha iniciativa la presentar\u00e1n este mi\u00e9rcoles al pleno, con sus compa\u00f1eros legisladores Yarab\u00ed \u00c1vila, Elo\u00edsa Berber, Rosa Mar\u00eda de La Torre, Xochitl Ru\u00edz, Ernesto N\u00fa\u00f1ez, Roberto Maldonado y Roberto L\u00f3pez.<\/p>\n<p class=\"x_MsoNormal\">Con dicha reforma, coincidieron los Diputados del PRD, se busca brindarles cobertura y seguridad jur\u00eddica, con lo que se permitir\u00eda a las personas tener un reconocimiento legal como mujeres u hombres independientemente de su sexo.<\/p>\n<p class=\"x_MsoNormal\">En ese sentido, en la propuesta se se\u00f1ala que el derecho a la identidad consiste en el reconocimiento jur\u00eddico y social de una persona como sujeto de derechos y responsabilidades y, a su vez, de su pertenencia a un Estado: un territorio, una sociedad y una familia; condici\u00f3n necesaria para preservar la dignidad individual y colectiva de las personas.<\/p>\n<p class=\"x_MsoNormal\">La finalidad es fortalecer el pleno acceso a los derechos de todas y todos en Michoac\u00e1n, y as\u00ed como impulsar la construcci\u00f3n de pol\u00edticas p\u00fablicas que garantizan el trato igualitario y garantizar los derechos humanos a los ciudadanos y combatir la discriminaci\u00f3n.<\/p>\n<p class=\"x_MsoNormal\">\u201cToda persona humana tiene derecho a la libertad, a la igualdad, a la no discriminaci\u00f3n por raz\u00f3n de sexo, al reconocimiento de su personalidad jur\u00eddica, a que nadie podr\u00e1 ser objeto de injerencias arbitrarias en su vida privada.<\/p>\n<p class=\"x_MsoNormal\">\u201cEsta iniciativa pretende por una parte, suprimir los procesos judiciales previstos actualmente en el art\u00edculo 117 del C\u00f3digo Familiar y, en consecuencia,\u00a0 \u201cfacilitar\u201d el reconocimiento jur\u00eddico de la identidad de g\u00e9nero de las personas transexuales, a trav\u00e9s de la rectificaci\u00f3n y levantamiento de una nueva acta nacimiento mediante un procedimiento administrativo sencillo, r\u00e1pido y econ\u00f3mico ante el Registro Civil del Estado\u201d.<\/p>\n<p class=\"x_MsoNormal\">Adem\u00e1s en la propuesta se establece reformar el art\u00edculo 117 del C\u00f3digo Familiar del Estado, mediante el que se especifica que pueden pedir el levantamiento de una nueva acta de nacimiento para el reconocimiento de la identidad de g\u00e9nero, previa la anotaci\u00f3n correspondiente en su acta de nacimiento primigenia, las personas que requieran el reconocimiento de su identidad de g\u00e9nero.<\/p>\n<p class=\"x_MsoNormal\">\u201cSe entender\u00e1 por identidad de g\u00e9nero la convicci\u00f3n personal e interna, tal como cada persona se percibe a s\u00ed misma, la cual puede corresponder o no, al sexo asignado en el acta primigenia.\u00a0 El reconocimiento respectivo se llevar\u00e1 a cabo ante las instancias y las autoridades correspondientes del Registro Civil del Estado de Michoac\u00e1n cumpliendo todas las formalidades que exige el Reglamento de la Ley Org\u00e1nica del Registro Civil del Estado\u201d.<\/p>\n<p class=\"x_MsoNormal\">En la iniciativa, se especifica que en ning\u00fan caso ser\u00e1 requisito acreditar intervenci\u00f3n quir\u00fargica alguna, terapias u otro diagn\u00f3stico o procedimiento para el reconocimiento de la identidad de g\u00e9nero. Los efectos de la nueva acta de nacimiento para identidad de g\u00e9nero realizados, ser\u00e1n oponibles a terceros desde de su levantamiento.<\/p>\n<p class=\"x_MsoNormal\">\n","protected":false},"excerpt":{"rendered":"<p>Morelia; Michoac\u00e1n, 23 de mayo de 2017.- Con el objetivo de garantizar la igualdad, as\u00ed como fortalecer los derechos de los michoacanos y cerrar filas contra\u00a0 la discriminaci\u00f3n, se presentar\u00e1 ante el pleno de la LXXIII Legislatura Local, una iniciativa de decreto para reformar el art\u00edculo 119 del C\u00f3digo Familiar del Estado de Michoac\u00e1n, a [&hellip;]<\/p>\n","protected":false},"author":2,"featured_media":36514,"comment_status":"closed","ping_status":"closed","sticky":false,"template":"","format":"standard","meta":{"footnotes":""},"categories":[6,14,19],"tags":[],"class_list":["post-36513","post","type-post","status-publish","format-standard","has-post-thumbnail","hentry","category-congreso-del-estado","category-destacadas","category-grupo-parlamentario-del-prd"],"_links":{"self":[{"href":"https:\/\/radiowebmx.com\/nota\/wp-json\/wp\/v2\/posts\/36513","targetHints":{"allow":["GET"]}}],"collection":[{"href":"https:\/\/radiowebmx.com\/nota\/wp-json\/wp\/v2\/posts"}],"about":[{"href":"https:\/\/radiowebmx.com\/nota\/wp-json\/wp\/v2\/types\/post"}],"author":[{"embeddable":true,"href":"https:\/\/radiowebmx.com\/nota\/wp-json\/wp\/v2\/users\/2"}],"replies":[{"embeddable":true,"href":"https:\/\/radiowebmx.com\/nota\/wp-json\/wp\/v2\/comments?post=36513"}],"version-history":[{"count":1,"href":"https:\/\/radiowebmx.com\/nota\/wp-json\/wp\/v2\/posts\/36513\/revisions"}],"predecessor-version":[{"id":36519,"href":"https:\/\/radiowebmx.com\/nota\/wp-json\/wp\/v2\/posts\/36513\/revisions\/36519"}],"wp:featuredmedia":[{"embeddable":true,"href":"https:\/\/radiowebmx.com\/nota\/wp-json\/wp\/v2\/media\/36514"}],"wp:attachment":[{"href":"https:\/\/radiowebmx.com\/nota\/wp-json\/wp\/v2\/media?parent=36513"}],"wp:term":[{"taxonomy":"category","embeddable":true,"href":"https:\/\/radiowebmx.com\/nota\/wp-json\/wp\/v2\/categories?post=36513"},{"taxonomy":"post_tag","embeddable":true,"href":"https:\/\/radiowebmx.com\/nota\/wp-json\/wp\/v2\/tags?post=36513"}],"curies":[{"name":"wp","href":"https:\/\/api.w.org\/{rel}","templated":true}]}}