{"id":36509,"date":"2017-05-24T11:50:18","date_gmt":"2017-05-24T16:50:18","guid":{"rendered":"https:\/\/radiowebmx.com\/nota\/?p=36509"},"modified":"2017-05-24T11:50:18","modified_gmt":"2017-05-24T16:50:18","slug":"la-alienacion-parental-es-una-forma-de-violencia-familiar-raymundo-arreola","status":"publish","type":"post","link":"https:\/\/radiowebmx.com\/nota\/la-alienacion-parental-es-una-forma-de-violencia-familiar-raymundo-arreola\/","title":{"rendered":"La alienaci\u00f3n parental es una forma de violencia familiar: Raymundo Arreola"},"content":{"rendered":"<p class=\"x_gmail-MsoListParagraph\">Iniciativa para que se eviten conductas que transformen la conciencia de un menor para destruir sus v\u00ednculos con uno de sus progenitores o abuelos<\/p>\n<p class=\"x_MsoNormal\"><a href=\"https:\/\/radiowebmx.com\/nota\/wp-content\/uploads\/2017\/05\/Dip.-Raymundo-Arreola-Ortega.jpg\"><img loading=\"lazy\" decoding=\"async\" class=\"alignnone size-medium wp-image-36511\" src=\"https:\/\/radiowebmx.com\/nota\/wp-content\/uploads\/2017\/05\/Dip.-Raymundo-Arreola-Ortega-595x396.jpg\" alt=\"\" width=\"595\" height=\"396\" srcset=\"https:\/\/radiowebmx.com\/nota\/wp-content\/uploads\/2017\/05\/Dip.-Raymundo-Arreola-Ortega-595x396.jpg 595w, https:\/\/radiowebmx.com\/nota\/wp-content\/uploads\/2017\/05\/Dip.-Raymundo-Arreola-Ortega.jpg 709w\" sizes=\"auto, (max-width: 595px) 100vw, 595px\" \/><\/a><\/p>\n<p class=\"x_MsoNormal\">\n<p class=\"x_MsoNormal\"><b>Morelia; Michoac\u00e1n, 23 de mayo de 2017<\/b>.- El divorcio civil o ruptura sentimental,\u00a0 representa el fin de la relaci\u00f3n, pero no debe ser el fin de la familia, ya que \u00e9sta solo se torna hacia una nueva din\u00e1mica en la forma de organizarse, a partir de una patria potestad conjunta y una guarda y custodia por parte de uno de los progenitores, sostiene el diputado Raymundo Arreola Ortega, en su iniciativa por la que se reforman la Ley de Asistencia y Prevenci\u00f3n de la Violencia Familiar, y la Ley de los Derechos de Ni\u00f1as, Ni\u00f1os y Adolescentes del Estado de Michoac\u00e1n.<\/p>\n<p class=\"x_MsoNormal\">En su exposici\u00f3n de motivos, el legislador por el distrito de M\u00fagica sostiene que tambi\u00e9n se debe considerar como violencia familiar, aquella desplegada por cualquier miembro de la familia que transforma la conciencia de un menor de edad, con el objeto de impedir, obstaculizar o destruir sus v\u00ednculos con uno de sus progenitores o abuelos.<\/p>\n<p class=\"x_MsoNormal\">Agrega que la familia representa la base primordial para el desarrollo del ser humano, ya que es en el seno de las familias donde se forma y cuida a lo m\u00e1s preciado para una sociedad que es la ni\u00f1ez; sin embargo, en la actualidad se manifiesta una crisis evidente de la instituci\u00f3n familiar, lo que denota precisamente en la ruptura del v\u00ednculo familiar a trav\u00e9s de separaciones o divorcios.<\/p>\n<p class=\"x_MsoNormal\">Arreola Ortega sostiene que las repercusiones del conflicto familiar ante una ruptura de pareja se agravan de manera exponencial cuando la pareja que rompe su v\u00ednculo tiene hijos menores de edad, ya que en muchos de los casos, se utiliza a los menores como mecanismos de venganza en contra de la ex pareja, y con ello no s\u00f3lo da\u00f1an la relaci\u00f3n del menor con su progenitor, sino dejan estigmas en su desarrollo integral.<\/p>\n<p class=\"x_MsoNormal\">Con esta reforma, se busca proteger a los menores de toda forma de violencia familiar incluida la alienaci\u00f3n parental, maltrato, agresi\u00f3n, perjuicio, da\u00f1o, abuso, venta, trata de personas, explotaci\u00f3n o cualquier acto que atente contra su integridad f\u00edsica, psicol\u00f3gica o menoscabe su desarrollo integral.<\/p>\n","protected":false},"excerpt":{"rendered":"<p>Iniciativa para que se eviten conductas que transformen la conciencia de un menor para destruir sus v\u00ednculos con uno de sus progenitores o abuelos Morelia; Michoac\u00e1n, 23 de mayo de 2017.- El divorcio civil o ruptura sentimental,\u00a0 representa el fin de la relaci\u00f3n, pero no debe ser el fin de la familia, ya que \u00e9sta [&hellip;]<\/p>\n","protected":false},"author":2,"featured_media":36511,"comment_status":"closed","ping_status":"closed","sticky":false,"template":"","format":"standard","meta":{"footnotes":""},"categories":[6,14],"tags":[],"class_list":["post-36509","post","type-post","status-publish","format-standard","has-post-thumbnail","hentry","category-congreso-del-estado","category-destacadas"],"_links":{"self":[{"href":"https:\/\/radiowebmx.com\/nota\/wp-json\/wp\/v2\/posts\/36509","targetHints":{"allow":["GET"]}}],"collection":[{"href":"https:\/\/radiowebmx.com\/nota\/wp-json\/wp\/v2\/posts"}],"about":[{"href":"https:\/\/radiowebmx.com\/nota\/wp-json\/wp\/v2\/types\/post"}],"author":[{"embeddable":true,"href":"https:\/\/radiowebmx.com\/nota\/wp-json\/wp\/v2\/users\/2"}],"replies":[{"embeddable":true,"href":"https:\/\/radiowebmx.com\/nota\/wp-json\/wp\/v2\/comments?post=36509"}],"version-history":[{"count":1,"href":"https:\/\/radiowebmx.com\/nota\/wp-json\/wp\/v2\/posts\/36509\/revisions"}],"predecessor-version":[{"id":36512,"href":"https:\/\/radiowebmx.com\/nota\/wp-json\/wp\/v2\/posts\/36509\/revisions\/36512"}],"wp:featuredmedia":[{"embeddable":true,"href":"https:\/\/radiowebmx.com\/nota\/wp-json\/wp\/v2\/media\/36511"}],"wp:attachment":[{"href":"https:\/\/radiowebmx.com\/nota\/wp-json\/wp\/v2\/media?parent=36509"}],"wp:term":[{"taxonomy":"category","embeddable":true,"href":"https:\/\/radiowebmx.com\/nota\/wp-json\/wp\/v2\/categories?post=36509"},{"taxonomy":"post_tag","embeddable":true,"href":"https:\/\/radiowebmx.com\/nota\/wp-json\/wp\/v2\/tags?post=36509"}],"curies":[{"name":"wp","href":"https:\/\/api.w.org\/{rel}","templated":true}]}}