{"id":36493,"date":"2017-05-24T11:07:31","date_gmt":"2017-05-24T16:07:31","guid":{"rendered":"https:\/\/radiowebmx.com\/nota\/?p=36493"},"modified":"2017-05-24T11:20:14","modified_gmt":"2017-05-24T16:20:14","slug":"lleva-gobierno-del-estado-a-la-piedad-jornadas-de-atencion-al-migrante","status":"publish","type":"post","link":"https:\/\/radiowebmx.com\/nota\/lleva-gobierno-del-estado-a-la-piedad-jornadas-de-atencion-al-migrante\/","title":{"rendered":"Lleva Gobierno del Estado a La Piedad Jornadas de Atenci\u00f3n al Migrante"},"content":{"rendered":"<p><a href=\"https:\/\/radiowebmx.com\/nota\/wp-content\/uploads\/2017\/05\/cec72060-7920-429d-a14e-8a78736bef54.jpeg\"><img loading=\"lazy\" decoding=\"async\" class=\"alignnone size-medium wp-image-36494\" src=\"https:\/\/radiowebmx.com\/nota\/wp-content\/uploads\/2017\/05\/cec72060-7920-429d-a14e-8a78736bef54-595x446.jpeg\" alt=\"\" width=\"595\" height=\"446\" srcset=\"https:\/\/radiowebmx.com\/nota\/wp-content\/uploads\/2017\/05\/cec72060-7920-429d-a14e-8a78736bef54-595x446.jpeg 595w, https:\/\/radiowebmx.com\/nota\/wp-content\/uploads\/2017\/05\/cec72060-7920-429d-a14e-8a78736bef54.jpeg 709w\" sizes=\"auto, (max-width: 595px) 100vw, 595px\" \/><\/a><\/p>\n<p>&nbsp;<\/p>\n<p><strong>La Piedad, Michoac\u00e1n, a 24 de mayo de 2017.-<\/strong>\u00a0Las Jornadas de Atenci\u00f3n al\u00a0\u00a0Migrante Michoacano se han posicionado como un programa pilar de la Secretar\u00eda del Migrante (Semigrante) gracias al apoyo del Gobernador Silvano Aureoles Conejo.<\/p>\n<p>En esta ocasi\u00f3n, las jornadas se llevaron a cabo en la plaza c\u00edvica del municipio de La Piedad, donde uno de los muchos servicios ofrecidos fue la asesor\u00eda y seguimiento en el tr\u00e1mite del Seguro Social estadounidense a 50 michoacanos mayores de 60 a\u00f1os que trabajaron por lo menos durante 10 a\u00f1os en el vecino pa\u00eds con un n\u00famero del seguro social v\u00e1lido y que agendaron su cita para realizar la gesti\u00f3n del Beneficio Federal de Pensi\u00f3n en los Estados Unidos y obtener ese beneficio econ\u00f3mico mensual, evitando con ello el gasto de trasladado hasta la Embajada estadounidense.<\/p>\n<p>A esta jornada de trabajo de tres d\u00edas, que concluye este jueves,\u00a0asisti\u00f3 personal de la Direcci\u00f3n de Pol\u00edticas P\u00fablicas, que encabeza Guadalupe Engracia Garc\u00eda Cort\u00e9s, quien detall\u00f3 que que estas actividades se llevan a cabo una vez al mes en diferentes municipios.<\/p>\n<p>El\u00a0Servicio Nacional de Empleo en Michoac\u00e1n atendi\u00f3 a 43 personas a quienes se les realiz\u00f3\u00a0una pre calificaci\u00f3n para identificar su perfil dentro del programa de Trabajadores Agr\u00edcolas Temporales de Canad\u00e1.<\/p>\n<p>En la Primaria \u201cJos\u00e9 Mar\u00eda Cavadas\u201d, la Comisi\u00f3n Estatal de los Derechos Humanos imparti\u00f3 una pl\u00e1tica sobre los derechos de los ni\u00f1os; por su parte, la Direcci\u00f3n de Participaci\u00f3n Ciudadana y Prevenci\u00f3n del Delito de la Secretar\u00eda de Seguridad P\u00fablica, ofreci\u00f3 la charla \u201cLa prevenci\u00f3n del acoso escolar\u201d y juegos interactivos con la finalidad de que las y\u00a0los ni\u00f1os conozcan y hagan valer sus derechos.<\/p>\n<p>En esta jornada tambi\u00e9n participaron dependencias como el Instituto Mexicano del Seguro Social, las Secretar\u00edas de Igualdad Sustantiva y Desarrollo de las Mujeres Michoacanas, de Seguridad P\u00fablica, de Pol\u00edtica\u00a0Social, entre otras.<\/p>\n","protected":false},"excerpt":{"rendered":"<p>&nbsp; La Piedad, Michoac\u00e1n, a 24 de mayo de 2017.-\u00a0Las Jornadas de Atenci\u00f3n al\u00a0\u00a0Migrante Michoacano se han posicionado como un programa pilar de la Secretar\u00eda del Migrante (Semigrante) gracias al apoyo del Gobernador Silvano Aureoles Conejo. En esta ocasi\u00f3n, las jornadas se llevaron a cabo en la plaza c\u00edvica del municipio de La Piedad, donde [&hellip;]<\/p>\n","protected":false},"author":2,"featured_media":36494,"comment_status":"closed","ping_status":"closed","sticky":false,"template":"","format":"standard","meta":{"footnotes":""},"categories":[14,3],"tags":[],"class_list":["post-36493","post","type-post","status-publish","format-standard","has-post-thumbnail","hentry","category-destacadas","category-gobierno-del-estado-de-michoacan"],"_links":{"self":[{"href":"https:\/\/radiowebmx.com\/nota\/wp-json\/wp\/v2\/posts\/36493","targetHints":{"allow":["GET"]}}],"collection":[{"href":"https:\/\/radiowebmx.com\/nota\/wp-json\/wp\/v2\/posts"}],"about":[{"href":"https:\/\/radiowebmx.com\/nota\/wp-json\/wp\/v2\/types\/post"}],"author":[{"embeddable":true,"href":"https:\/\/radiowebmx.com\/nota\/wp-json\/wp\/v2\/users\/2"}],"replies":[{"embeddable":true,"href":"https:\/\/radiowebmx.com\/nota\/wp-json\/wp\/v2\/comments?post=36493"}],"version-history":[{"count":1,"href":"https:\/\/radiowebmx.com\/nota\/wp-json\/wp\/v2\/posts\/36493\/revisions"}],"predecessor-version":[{"id":36495,"href":"https:\/\/radiowebmx.com\/nota\/wp-json\/wp\/v2\/posts\/36493\/revisions\/36495"}],"wp:featuredmedia":[{"embeddable":true,"href":"https:\/\/radiowebmx.com\/nota\/wp-json\/wp\/v2\/media\/36494"}],"wp:attachment":[{"href":"https:\/\/radiowebmx.com\/nota\/wp-json\/wp\/v2\/media?parent=36493"}],"wp:term":[{"taxonomy":"category","embeddable":true,"href":"https:\/\/radiowebmx.com\/nota\/wp-json\/wp\/v2\/categories?post=36493"},{"taxonomy":"post_tag","embeddable":true,"href":"https:\/\/radiowebmx.com\/nota\/wp-json\/wp\/v2\/tags?post=36493"}],"curies":[{"name":"wp","href":"https:\/\/api.w.org\/{rel}","templated":true}]}}