{"id":36489,"date":"2017-05-23T20:20:03","date_gmt":"2017-05-24T01:20:03","guid":{"rendered":"https:\/\/radiowebmx.com\/nota\/?p=36489"},"modified":"2017-05-24T11:18:21","modified_gmt":"2017-05-24T16:18:21","slug":"morelia-lista-para-ser-sede-del-nacional-motocross-mx","status":"publish","type":"post","link":"https:\/\/radiowebmx.com\/nota\/morelia-lista-para-ser-sede-del-nacional-motocross-mx\/","title":{"rendered":"Morelia, lista para ser sede del Nacional Motocross Mx"},"content":{"rendered":"<p><a href=\"https:\/\/radiowebmx.com\/nota\/wp-content\/uploads\/2017\/05\/a82cce2d-35e0-491f-b83f-7749e44739fd.jpeg\"><img loading=\"lazy\" decoding=\"async\" class=\"alignnone size-medium wp-image-36491\" src=\"https:\/\/radiowebmx.com\/nota\/wp-content\/uploads\/2017\/05\/a82cce2d-35e0-491f-b83f-7749e44739fd-595x396.jpeg\" alt=\"\" width=\"595\" height=\"396\" srcset=\"https:\/\/radiowebmx.com\/nota\/wp-content\/uploads\/2017\/05\/a82cce2d-35e0-491f-b83f-7749e44739fd-595x396.jpeg 595w, https:\/\/radiowebmx.com\/nota\/wp-content\/uploads\/2017\/05\/a82cce2d-35e0-491f-b83f-7749e44739fd.jpeg 709w\" sizes=\"auto, (max-width: 595px) 100vw, 595px\" \/><\/a><\/p>\n<p>&nbsp;<\/p>\n<p>En medio de un ambiente cien por ciento familiar, la adrenalina, el espect\u00e1culos y las competencias se apoderar\u00e1n de Morelia los d\u00edas 17 y 18 de junio del a\u00f1o en curso durante el serial Nacional Motocross Mx, que por vez primera tendr\u00e1 lugar en la capital del estado.<\/p>\n<p>El Ayuntamiento capitalino en coordinaci\u00f3n con el Gobierno del Estado y el comit\u00e9 organizador de este magno evento, ya tienen todo listo para esta actividad que reunir\u00e1 a m\u00e1s de 300 deportistas provenientes de 25 estados del pa\u00eds.<\/p>\n<p>Durante dos d\u00edas los amantes del motociclismo en todo tipo de terreno y morelianos, podr\u00e1n participar del serial m\u00e1s importante en su tipo en M\u00e9xico, donde se llevar\u00e1n a cabo pruebas de clasificaci\u00f3n de las 14 categor\u00edas que lo componen y posteriormente, las premiaciones respectivas.<\/p>\n<p>Es de se\u00f1alar que para que el Nacional Motocross Mx sea una experiencia inolvidable, el Gobierno Municipal coadyuva en brindar las facilidades para la realizaci\u00f3n de esta competencia que se efectuar\u00e1 en terreno que se encuentra a un costado de la Plaza Altozano.<\/p>\n<p>De esta manera, la Ciudad de la Cantera Rosa, se declara preparada para ser sede de este evento de talla internacional, el cual abonar\u00e1 en la recuperaci\u00f3n econ\u00f3mica, y tur\u00edstica del municipio.<\/p>\n","protected":false},"excerpt":{"rendered":"<p>&nbsp; En medio de un ambiente cien por ciento familiar, la adrenalina, el espect\u00e1culos y las competencias se apoderar\u00e1n de Morelia los d\u00edas 17 y 18 de junio del a\u00f1o en curso durante el serial Nacional Motocross Mx, que por vez primera tendr\u00e1 lugar en la capital del estado. El Ayuntamiento capitalino en coordinaci\u00f3n con [&hellip;]<\/p>\n","protected":false},"author":2,"featured_media":36491,"comment_status":"closed","ping_status":"closed","sticky":false,"template":"","format":"standard","meta":{"footnotes":""},"categories":[14,9],"tags":[],"class_list":["post-36489","post","type-post","status-publish","format-standard","has-post-thumbnail","hentry","category-destacadas","category-morelia"],"_links":{"self":[{"href":"https:\/\/radiowebmx.com\/nota\/wp-json\/wp\/v2\/posts\/36489","targetHints":{"allow":["GET"]}}],"collection":[{"href":"https:\/\/radiowebmx.com\/nota\/wp-json\/wp\/v2\/posts"}],"about":[{"href":"https:\/\/radiowebmx.com\/nota\/wp-json\/wp\/v2\/types\/post"}],"author":[{"embeddable":true,"href":"https:\/\/radiowebmx.com\/nota\/wp-json\/wp\/v2\/users\/2"}],"replies":[{"embeddable":true,"href":"https:\/\/radiowebmx.com\/nota\/wp-json\/wp\/v2\/comments?post=36489"}],"version-history":[{"count":1,"href":"https:\/\/radiowebmx.com\/nota\/wp-json\/wp\/v2\/posts\/36489\/revisions"}],"predecessor-version":[{"id":36492,"href":"https:\/\/radiowebmx.com\/nota\/wp-json\/wp\/v2\/posts\/36489\/revisions\/36492"}],"wp:featuredmedia":[{"embeddable":true,"href":"https:\/\/radiowebmx.com\/nota\/wp-json\/wp\/v2\/media\/36491"}],"wp:attachment":[{"href":"https:\/\/radiowebmx.com\/nota\/wp-json\/wp\/v2\/media?parent=36489"}],"wp:term":[{"taxonomy":"category","embeddable":true,"href":"https:\/\/radiowebmx.com\/nota\/wp-json\/wp\/v2\/categories?post=36489"},{"taxonomy":"post_tag","embeddable":true,"href":"https:\/\/radiowebmx.com\/nota\/wp-json\/wp\/v2\/tags?post=36489"}],"curies":[{"name":"wp","href":"https:\/\/api.w.org\/{rel}","templated":true}]}}