{"id":36486,"date":"2017-05-23T19:47:10","date_gmt":"2017-05-24T00:47:10","guid":{"rendered":"https:\/\/radiowebmx.com\/nota\/?p=36486"},"modified":"2017-05-24T11:05:33","modified_gmt":"2017-05-24T16:05:33","slug":"secretaria-de-desarrollo-metropolitano-e-infraestructura-informa-de-cortes-a-la-circulacion-por-obras","status":"publish","type":"post","link":"https:\/\/radiowebmx.com\/nota\/secretaria-de-desarrollo-metropolitano-e-infraestructura-informa-de-cortes-a-la-circulacion-por-obras\/","title":{"rendered":"Secretar\u00eda de Desarrollo Metropolitano e Infraestructura informa de cortes a la circulaci\u00f3n por obras"},"content":{"rendered":"<p><a href=\"https:\/\/radiowebmx.com\/nota\/wp-content\/uploads\/2017\/05\/f47a756f-57fd-41f8-a4a7-ef307362b1af.jpg\"><img loading=\"lazy\" decoding=\"async\" class=\"alignnone size-medium wp-image-36487\" src=\"https:\/\/radiowebmx.com\/nota\/wp-content\/uploads\/2017\/05\/f47a756f-57fd-41f8-a4a7-ef307362b1af-595x451.jpg\" alt=\"\" width=\"595\" height=\"451\" srcset=\"https:\/\/radiowebmx.com\/nota\/wp-content\/uploads\/2017\/05\/f47a756f-57fd-41f8-a4a7-ef307362b1af-595x451.jpg 595w, https:\/\/radiowebmx.com\/nota\/wp-content\/uploads\/2017\/05\/f47a756f-57fd-41f8-a4a7-ef307362b1af.jpg 709w\" sizes=\"auto, (max-width: 595px) 100vw, 595px\" \/><\/a><\/p>\n<p>&nbsp;<\/p>\n<p>Como parte de las acciones en obra p\u00fablica y mejoramiento en infraestructura urbana que se realizan en la ciudad, la Secretar\u00eda de Desarrollo Metropolitano e Infraestructura que encabeza Juan Fernando Sosa Tapia inform\u00f3 de cierres temporales a la circulaci\u00f3n, en los cuales la Avenida Siervo de la Naci\u00f3n se mantendr\u00e1 cerrada desde las primeras horas del mi\u00e9rcoles 24 de mayo por acciones de reencarpetamiento.<\/p>\n<p>El tramo en cuesti\u00f3n, detall\u00f3 el funcionario municipal, comprender\u00e1 de Liberales de M\u00e9xico hasta el Libramiento Poniente por lo cual pidi\u00f3 a la ciudadan\u00eda que tome v\u00edas alternas para sus traslados.<\/p>\n<p>Posterior a esta obra en la Colonia Laguna de Parras, se prev\u00e9 la misma din\u00e1mica de labores municipales, lo cual generar\u00e1 cortes de tr\u00e1nsito a la calle Corregidora hasta la Avenida Madero Poniente.<\/p>\n<p>Asimismo, se trabajar\u00e1 en Avenida Solidaridad desde Isidro Huarte a Ventura Puente, en el margen izquierdo del r\u00edo (en el sentido de la corriente del cuerpo de agua).<\/p>\n<p>En el caso de estas dos \u00faltimas vialidades, la Secretar\u00eda de Desarrollo Metropolitano e Infraestructura prev\u00e9 que se atiendan en el transcurso de la semana, no obstante afirm\u00f3 que se avisar\u00e1 con antelaci\u00f3n para tomar rutas alternas.<\/p>\n<p>Sosa Tapia destac\u00f3 que estas obras otorgar\u00e1n de mejores vialidades a la ciudadan\u00eda, para que pueda realizar sus tareas diarias y trasladarse con mayor seguridad y rapidez.<\/p>\n","protected":false},"excerpt":{"rendered":"<p>&nbsp; Como parte de las acciones en obra p\u00fablica y mejoramiento en infraestructura urbana que se realizan en la ciudad, la Secretar\u00eda de Desarrollo Metropolitano e Infraestructura que encabeza Juan Fernando Sosa Tapia inform\u00f3 de cierres temporales a la circulaci\u00f3n, en los cuales la Avenida Siervo de la Naci\u00f3n se mantendr\u00e1 cerrada desde las primeras [&hellip;]<\/p>\n","protected":false},"author":2,"featured_media":36487,"comment_status":"closed","ping_status":"closed","sticky":false,"template":"","format":"standard","meta":{"footnotes":""},"categories":[14,9],"tags":[],"class_list":["post-36486","post","type-post","status-publish","format-standard","has-post-thumbnail","hentry","category-destacadas","category-morelia"],"_links":{"self":[{"href":"https:\/\/radiowebmx.com\/nota\/wp-json\/wp\/v2\/posts\/36486","targetHints":{"allow":["GET"]}}],"collection":[{"href":"https:\/\/radiowebmx.com\/nota\/wp-json\/wp\/v2\/posts"}],"about":[{"href":"https:\/\/radiowebmx.com\/nota\/wp-json\/wp\/v2\/types\/post"}],"author":[{"embeddable":true,"href":"https:\/\/radiowebmx.com\/nota\/wp-json\/wp\/v2\/users\/2"}],"replies":[{"embeddable":true,"href":"https:\/\/radiowebmx.com\/nota\/wp-json\/wp\/v2\/comments?post=36486"}],"version-history":[{"count":1,"href":"https:\/\/radiowebmx.com\/nota\/wp-json\/wp\/v2\/posts\/36486\/revisions"}],"predecessor-version":[{"id":36488,"href":"https:\/\/radiowebmx.com\/nota\/wp-json\/wp\/v2\/posts\/36486\/revisions\/36488"}],"wp:featuredmedia":[{"embeddable":true,"href":"https:\/\/radiowebmx.com\/nota\/wp-json\/wp\/v2\/media\/36487"}],"wp:attachment":[{"href":"https:\/\/radiowebmx.com\/nota\/wp-json\/wp\/v2\/media?parent=36486"}],"wp:term":[{"taxonomy":"category","embeddable":true,"href":"https:\/\/radiowebmx.com\/nota\/wp-json\/wp\/v2\/categories?post=36486"},{"taxonomy":"post_tag","embeddable":true,"href":"https:\/\/radiowebmx.com\/nota\/wp-json\/wp\/v2\/tags?post=36486"}],"curies":[{"name":"wp","href":"https:\/\/api.w.org\/{rel}","templated":true}]}}