{"id":36481,"date":"2017-05-23T19:27:13","date_gmt":"2017-05-24T00:27:13","guid":{"rendered":"https:\/\/radiowebmx.com\/nota\/?p=36481"},"modified":"2017-05-24T11:02:02","modified_gmt":"2017-05-24T16:02:02","slug":"morelianos-responden-de-gran-manera-a-la-carrera-morelia-corre","status":"publish","type":"post","link":"https:\/\/radiowebmx.com\/nota\/morelianos-responden-de-gran-manera-a-la-carrera-morelia-corre\/","title":{"rendered":"Morelianos responden de gran manera a la carrera \u201cMorelia Corre\u201d"},"content":{"rendered":"<p><a href=\"https:\/\/radiowebmx.com\/nota\/wp-content\/uploads\/2017\/05\/7219e701-df71-4031-b9b1-e0e4d0cd82c3.jpg\"><img loading=\"lazy\" decoding=\"async\" class=\"alignnone size-medium wp-image-36482\" src=\"https:\/\/radiowebmx.com\/nota\/wp-content\/uploads\/2017\/05\/7219e701-df71-4031-b9b1-e0e4d0cd82c3-595x857.jpg\" alt=\"\" width=\"595\" height=\"857\" srcset=\"https:\/\/radiowebmx.com\/nota\/wp-content\/uploads\/2017\/05\/7219e701-df71-4031-b9b1-e0e4d0cd82c3-595x857.jpg 595w, https:\/\/radiowebmx.com\/nota\/wp-content\/uploads\/2017\/05\/7219e701-df71-4031-b9b1-e0e4d0cd82c3.jpg 709w\" sizes=\"auto, (max-width: 595px) 100vw, 595px\" \/><\/a><\/p>\n<p>&nbsp;<\/p>\n<p>Con una excelente respuesta por parte de la ciudadan\u00eda, la convocatoria para participar en la 2\u00aa Carrera Nocturna \u201cMorelia Corre\u201d, continuar\u00e1 abierta en caso de que sea necesario hasta la ma\u00f1ana del pr\u00f3ximo s\u00e1bado 27 de Mayo, d\u00eda en que se llevar\u00e1 a cabo el evento.<\/p>\n<p>As\u00ed lo inform\u00f3 la Directora del Instituto de la Juventud Moreliana, Ana Cristina Prado Mart\u00ednez, cuya dependencia en conjunto con el IMDE, impulsan la carrera que result\u00f3 todo un \u00e9xito en el 2016, mismo que se pretende emular en esta ocasi\u00f3n.<\/p>\n<p>Prado Mart\u00ednez dijo que un total de mil 1500 personas se inscribieron durante los primeros d\u00edas que se dio a conocer la convocatoria, y espera que en el transcurso de las siguientes horas se llegue a los 2 mil registrados que se esperan.<\/p>\n<p>Destaca la respuesta familiar que desde el a\u00f1o pasado ha tenido la misma, detallando que hombres y mujeres de todas las edades han decidido registrarse en la carrera nocturna, lo que da a esta un toque familiar y de convivencia para el sano esparcimiento.<\/p>\n<p>Record\u00f3 que las inscripciones se pueden realizar en las Instalaciones de su dependencia, ubicadas en la Avenida Periodismo s\/n de la Colonia Nueva Valladolid; en la Unidad Deportiva Morelos &#8211; Indeco y en el espacio deportivo SPORT PALACE ubicado en la avenida Enrique Ram\u00edrez no. 630 de la Colonia Chapultepec Oriente, pagando solamente 200 pesos como cuota de recuperaci\u00f3n.<\/p>\n<p>Cada uno de los inscritos obtendr\u00e1 un kit que incluye una playera del evento, una medalla, hidrataci\u00f3n y una sorpresa para cada corredor; adem\u00e1s de que este a\u00f1o el IJUM ofrece la novedad de inscripci\u00f3n en l\u00ednea a trav\u00e9s de su p\u00e1gina de internet <a href=\"http:\/\/gob.us11.list-manage.com\/track\/click?u=4006ac058ed166735585eb757&amp;id=6b2abdef05&amp;e=fbc79edfe0\" target=\"_blank\" rel=\"noopener noreferrer\">http:\/\/ijum.morelia.gob.mx<\/a>.<\/p>\n","protected":false},"excerpt":{"rendered":"<p>&nbsp; Con una excelente respuesta por parte de la ciudadan\u00eda, la convocatoria para participar en la 2\u00aa Carrera Nocturna \u201cMorelia Corre\u201d, continuar\u00e1 abierta en caso de que sea necesario hasta la ma\u00f1ana del pr\u00f3ximo s\u00e1bado 27 de Mayo, d\u00eda en que se llevar\u00e1 a cabo el evento. As\u00ed lo inform\u00f3 la Directora del Instituto de [&hellip;]<\/p>\n","protected":false},"author":2,"featured_media":36482,"comment_status":"closed","ping_status":"closed","sticky":false,"template":"","format":"standard","meta":{"footnotes":""},"categories":[14,9],"tags":[],"class_list":["post-36481","post","type-post","status-publish","format-standard","has-post-thumbnail","hentry","category-destacadas","category-morelia"],"_links":{"self":[{"href":"https:\/\/radiowebmx.com\/nota\/wp-json\/wp\/v2\/posts\/36481","targetHints":{"allow":["GET"]}}],"collection":[{"href":"https:\/\/radiowebmx.com\/nota\/wp-json\/wp\/v2\/posts"}],"about":[{"href":"https:\/\/radiowebmx.com\/nota\/wp-json\/wp\/v2\/types\/post"}],"author":[{"embeddable":true,"href":"https:\/\/radiowebmx.com\/nota\/wp-json\/wp\/v2\/users\/2"}],"replies":[{"embeddable":true,"href":"https:\/\/radiowebmx.com\/nota\/wp-json\/wp\/v2\/comments?post=36481"}],"version-history":[{"count":1,"href":"https:\/\/radiowebmx.com\/nota\/wp-json\/wp\/v2\/posts\/36481\/revisions"}],"predecessor-version":[{"id":36485,"href":"https:\/\/radiowebmx.com\/nota\/wp-json\/wp\/v2\/posts\/36481\/revisions\/36485"}],"wp:featuredmedia":[{"embeddable":true,"href":"https:\/\/radiowebmx.com\/nota\/wp-json\/wp\/v2\/media\/36482"}],"wp:attachment":[{"href":"https:\/\/radiowebmx.com\/nota\/wp-json\/wp\/v2\/media?parent=36481"}],"wp:term":[{"taxonomy":"category","embeddable":true,"href":"https:\/\/radiowebmx.com\/nota\/wp-json\/wp\/v2\/categories?post=36481"},{"taxonomy":"post_tag","embeddable":true,"href":"https:\/\/radiowebmx.com\/nota\/wp-json\/wp\/v2\/tags?post=36481"}],"curies":[{"name":"wp","href":"https:\/\/api.w.org\/{rel}","templated":true}]}}