{"id":36478,"date":"2017-05-23T17:20:27","date_gmt":"2017-05-23T22:20:27","guid":{"rendered":"https:\/\/radiowebmx.com\/nota\/?p=36478"},"modified":"2017-05-24T10:45:59","modified_gmt":"2017-05-24T15:45:59","slug":"prepara-ayuntamiento-de-morelia-jornada-de-limpieza","status":"publish","type":"post","link":"https:\/\/radiowebmx.com\/nota\/prepara-ayuntamiento-de-morelia-jornada-de-limpieza\/","title":{"rendered":"Prepara Ayuntamiento de Morelia jornada de limpieza"},"content":{"rendered":"<p><a href=\"https:\/\/radiowebmx.com\/nota\/wp-content\/uploads\/2017\/05\/78f9e00d-376c-4020-929a-aa84ef89c0b3.jpeg\"><img loading=\"lazy\" decoding=\"async\" class=\"alignnone size-medium wp-image-36479\" src=\"https:\/\/radiowebmx.com\/nota\/wp-content\/uploads\/2017\/05\/78f9e00d-376c-4020-929a-aa84ef89c0b3-595x396.jpeg\" alt=\"\" width=\"595\" height=\"396\" srcset=\"https:\/\/radiowebmx.com\/nota\/wp-content\/uploads\/2017\/05\/78f9e00d-376c-4020-929a-aa84ef89c0b3-595x396.jpeg 595w, https:\/\/radiowebmx.com\/nota\/wp-content\/uploads\/2017\/05\/78f9e00d-376c-4020-929a-aa84ef89c0b3.jpeg 709w\" sizes=\"auto, (max-width: 595px) 100vw, 595px\" \/><\/a><\/p>\n<p>&nbsp;<\/p>\n<p>El Ayuntamiento de Morelia a trav\u00e9s de la Comisi\u00f3n de Ecolog\u00eda que coordinada la Regidora, Mar\u00eda Elisa Garrido P\u00e9rez, prepara por segundo a\u00f1o consecutivo en esta Administraci\u00f3n Municipal que encabeza el Alcalde, Alfonso Mart\u00ednez Alc\u00e1zar, la campa\u00f1a \u201cLimpiemos Morelia 2017\u201d.<\/p>\n<p>Dicha iniciativa organizada por el Ayuntamiento y en la que participan diversas \u00e1reas operativas del Gobierno Municipal, busca generar conciencia en la ciudadan\u00eda en el manejo de los residuos s\u00f3lidos y evitar tirar basura en la calle, lo cual puede generar complicaciones mayores durante la temporada de lluvias.<\/p>\n<p>Y es que la Regidora integrante de esta \u00e1rea de Cabildo record\u00f3 que el objetivo principal de esta acci\u00f3n es abrir espacios para que la ciudadan\u00eda se sume en favor del medio ambiente, emprendiendo acciones preventivas en las zonas ostensibles a sufrir complicaciones por las lluvias.<\/p>\n<p>De esta manera, el Ayuntamiento de Morelia, refrenda el compromiso de promover que las zonas que se limpiaron se mantengan en \u00f3ptimas condiciones y fomentar la rehabilitaci\u00f3n de \u00e1reas verdes que pudieran verse afectadas por los malos h\u00e1bitos del ser humano.<\/p>\n","protected":false},"excerpt":{"rendered":"<p>&nbsp; El Ayuntamiento de Morelia a trav\u00e9s de la Comisi\u00f3n de Ecolog\u00eda que coordinada la Regidora, Mar\u00eda Elisa Garrido P\u00e9rez, prepara por segundo a\u00f1o consecutivo en esta Administraci\u00f3n Municipal que encabeza el Alcalde, Alfonso Mart\u00ednez Alc\u00e1zar, la campa\u00f1a \u201cLimpiemos Morelia 2017\u201d. Dicha iniciativa organizada por el Ayuntamiento y en la que participan diversas \u00e1reas operativas [&hellip;]<\/p>\n","protected":false},"author":2,"featured_media":36479,"comment_status":"closed","ping_status":"closed","sticky":false,"template":"","format":"standard","meta":{"footnotes":""},"categories":[14,9],"tags":[],"class_list":["post-36478","post","type-post","status-publish","format-standard","has-post-thumbnail","hentry","category-destacadas","category-morelia"],"_links":{"self":[{"href":"https:\/\/radiowebmx.com\/nota\/wp-json\/wp\/v2\/posts\/36478","targetHints":{"allow":["GET"]}}],"collection":[{"href":"https:\/\/radiowebmx.com\/nota\/wp-json\/wp\/v2\/posts"}],"about":[{"href":"https:\/\/radiowebmx.com\/nota\/wp-json\/wp\/v2\/types\/post"}],"author":[{"embeddable":true,"href":"https:\/\/radiowebmx.com\/nota\/wp-json\/wp\/v2\/users\/2"}],"replies":[{"embeddable":true,"href":"https:\/\/radiowebmx.com\/nota\/wp-json\/wp\/v2\/comments?post=36478"}],"version-history":[{"count":1,"href":"https:\/\/radiowebmx.com\/nota\/wp-json\/wp\/v2\/posts\/36478\/revisions"}],"predecessor-version":[{"id":36480,"href":"https:\/\/radiowebmx.com\/nota\/wp-json\/wp\/v2\/posts\/36478\/revisions\/36480"}],"wp:featuredmedia":[{"embeddable":true,"href":"https:\/\/radiowebmx.com\/nota\/wp-json\/wp\/v2\/media\/36479"}],"wp:attachment":[{"href":"https:\/\/radiowebmx.com\/nota\/wp-json\/wp\/v2\/media?parent=36478"}],"wp:term":[{"taxonomy":"category","embeddable":true,"href":"https:\/\/radiowebmx.com\/nota\/wp-json\/wp\/v2\/categories?post=36478"},{"taxonomy":"post_tag","embeddable":true,"href":"https:\/\/radiowebmx.com\/nota\/wp-json\/wp\/v2\/tags?post=36478"}],"curies":[{"name":"wp","href":"https:\/\/api.w.org\/{rel}","templated":true}]}}